{"id":2865,"date":"2014-08-16T00:03:47","date_gmt":"2014-08-16T00:03:47","guid":{"rendered":"http:\/\/piekarscy.com.pl\/?p=2865"},"modified":"2014-07-04T16:08:37","modified_gmt":"2014-07-04T16:08:37","slug":"co-zostalo-po-natalii","status":"publish","type":"post","link":"http:\/\/piekarscy.com.pl\/?p=2865","title":{"rendered":"Co zosta\u0142o po Natalii"},"content":{"rendered":"<p>Natalia by\u0142a \u017con\u0105 Eugeniusza Ignacego Przybytkowskiego, rodzonego brata mojej prababci Leokadii Karoliny z Przybytkowskich Adamskiej.\u00a0<a href=\"http:\/\/piekarscy.com.pl\/wp-content\/uploads\/2014\/07\/zaswiadczenie-dla-natalii-z-usc.jpg\"><img loading=\"lazy\" decoding=\"async\" class=\"aligncenter size-medium wp-image-2866\" src=\"http:\/\/piekarscy.com.pl\/wp-content\/uploads\/2014\/07\/zaswiadczenie-dla-natalii-z-usc-300x207.jpg\" alt=\"zaswiadczenie dla natalii z usc\" width=\"300\" height=\"207\" srcset=\"http:\/\/piekarscy.com.pl\/wp-content\/uploads\/2014\/07\/zaswiadczenie-dla-natalii-z-usc-300x207.jpg 300w, http:\/\/piekarscy.com.pl\/wp-content\/uploads\/2014\/07\/zaswiadczenie-dla-natalii-z-usc-1024x709.jpg 1024w, http:\/\/piekarscy.com.pl\/wp-content\/uploads\/2014\/07\/zaswiadczenie-dla-natalii-z-usc-624x432.jpg 624w\" sizes=\"auto, (max-width: 300px) 100vw, 300px\" \/><\/a> <a href=\"http:\/\/piekarscy.com.pl\/wp-content\/uploads\/2014\/07\/akt-urodzenia-natalii.jpg\"><img loading=\"lazy\" decoding=\"async\" class=\"aligncenter size-medium wp-image-2867\" src=\"http:\/\/piekarscy.com.pl\/wp-content\/uploads\/2014\/07\/akt-urodzenia-natalii-300x154.jpg\" alt=\"akt urodzenia natalii\" width=\"300\" height=\"154\" srcset=\"http:\/\/piekarscy.com.pl\/wp-content\/uploads\/2014\/07\/akt-urodzenia-natalii-300x154.jpg 300w, http:\/\/piekarscy.com.pl\/wp-content\/uploads\/2014\/07\/akt-urodzenia-natalii-1024x527.jpg 1024w, http:\/\/piekarscy.com.pl\/wp-content\/uploads\/2014\/07\/akt-urodzenia-natalii-624x321.jpg 624w\" sizes=\"auto, (max-width: 300px) 100vw, 300px\" \/><\/a><\/p>\n","protected":false},"excerpt":{"rendered":"<p>Natalia by\u0142a \u017con\u0105 Eugeniusza Ignacego Przybytkowskiego, rodzonego brata mojej prababci Leokadii Karoliny z Przybytkowskich Adamskiej.\u00a0<\/p>\n","protected":false},"author":1,"featured_media":0,"comment_status":"closed","ping_status":"closed","sticky":false,"template":"","format":"standard","meta":{"footnotes":""},"categories":[366,7],"tags":[96,80,368,367,369,340],"class_list":["post-2865","post","type-post","status-publish","format-standard","hentry","category-albrecht","category-przybytkowscy","tag-akt-urodzenia","tag-dokument","tag-natalia-albrecht","tag-natalia-przybytkowska","tag-natalia-z-albrechtow-przybytkowska","tag-zaswiadczenie"],"_links":{"self":[{"href":"http:\/\/piekarscy.com.pl\/index.php?rest_route=\/wp\/v2\/posts\/2865","targetHints":{"allow":["GET"]}}],"collection":[{"href":"http:\/\/piekarscy.com.pl\/index.php?rest_route=\/wp\/v2\/posts"}],"about":[{"href":"http:\/\/piekarscy.com.pl\/index.php?rest_route=\/wp\/v2\/types\/post"}],"author":[{"embeddable":true,"href":"http:\/\/piekarscy.com.pl\/index.php?rest_route=\/wp\/v2\/users\/1"}],"replies":[{"embeddable":true,"href":"http:\/\/piekarscy.com.pl\/index.php?rest_route=%2Fwp%2Fv2%2Fcomments&post=2865"}],"version-history":[{"count":1,"href":"http:\/\/piekarscy.com.pl\/index.php?rest_route=\/wp\/v2\/posts\/2865\/revisions"}],"predecessor-version":[{"id":2868,"href":"http:\/\/piekarscy.com.pl\/index.php?rest_route=\/wp\/v2\/posts\/2865\/revisions\/2868"}],"wp:attachment":[{"href":"http:\/\/piekarscy.com.pl\/index.php?rest_route=%2Fwp%2Fv2%2Fmedia&parent=2865"}],"wp:term":[{"taxonomy":"category","embeddable":true,"href":"http:\/\/piekarscy.com.pl\/index.php?rest_route=%2Fwp%2Fv2%2Fcategories&post=2865"},{"taxonomy":"post_tag","embeddable":true,"href":"http:\/\/piekarscy.com.pl\/index.php?rest_route=%2Fwp%2Fv2%2Ftags&post=2865"}],"curies":[{"name":"wp","href":"https:\/\/api.w.org\/{rel}","templated":true}]}}