{"id":2903,"date":"2014-08-28T00:28:24","date_gmt":"2014-08-28T00:28:24","guid":{"rendered":"http:\/\/piekarscy.com.pl\/?p=2903"},"modified":"2014-07-04T19:34:17","modified_gmt":"2014-07-04T19:34:17","slug":"obozy-haliny","status":"publish","type":"post","link":"http:\/\/piekarscy.com.pl\/?p=2903","title":{"rendered":"Obozy Haliny"},"content":{"rendered":"<p>&nbsp;<\/p>\n<p>To \u017cyciorys i obozowe za\u015bwiadczenia Haliny z Orlickich Czeka\u0144skiej. By\u0142a cioteczn\u0105 siostr\u0105 mojej babci Janiny z Adamskich Piekarskiej. Jej matka Henryka Orlicka z domu Adamska by\u0142a rodzon\u0105 siostr\u0105 mojego pradziadka Antoniego Adamskiego.\u00a0<a href=\"http:\/\/piekarscy.com.pl\/wp-content\/uploads\/2014\/07\/scan00142.jpg\"><img loading=\"lazy\" decoding=\"async\" class=\"aligncenter size-medium wp-image-2904\" src=\"http:\/\/piekarscy.com.pl\/wp-content\/uploads\/2014\/07\/scan00142-212x300.jpg\" alt=\"scan0014\" width=\"212\" height=\"300\" srcset=\"http:\/\/piekarscy.com.pl\/wp-content\/uploads\/2014\/07\/scan00142-212x300.jpg 212w, http:\/\/piekarscy.com.pl\/wp-content\/uploads\/2014\/07\/scan00142-725x1024.jpg 725w, http:\/\/piekarscy.com.pl\/wp-content\/uploads\/2014\/07\/scan00142-624x880.jpg 624w, http:\/\/piekarscy.com.pl\/wp-content\/uploads\/2014\/07\/scan00142.jpg 1654w\" sizes=\"auto, (max-width: 212px) 100vw, 212px\" \/><\/a> <a href=\"http:\/\/piekarscy.com.pl\/wp-content\/uploads\/2014\/07\/scan00152.jpg\"><img loading=\"lazy\" decoding=\"async\" class=\"aligncenter size-medium wp-image-2905\" src=\"http:\/\/piekarscy.com.pl\/wp-content\/uploads\/2014\/07\/scan00152-300x106.jpg\" alt=\"scan0015\" width=\"300\" height=\"106\" srcset=\"http:\/\/piekarscy.com.pl\/wp-content\/uploads\/2014\/07\/scan00152-300x106.jpg 300w, http:\/\/piekarscy.com.pl\/wp-content\/uploads\/2014\/07\/scan00152-1024x365.jpg 1024w, http:\/\/piekarscy.com.pl\/wp-content\/uploads\/2014\/07\/scan00152-624x222.jpg 624w, http:\/\/piekarscy.com.pl\/wp-content\/uploads\/2014\/07\/scan00152.jpg 1444w\" sizes=\"auto, (max-width: 300px) 100vw, 300px\" \/><\/a> <a href=\"http:\/\/piekarscy.com.pl\/wp-content\/uploads\/2014\/07\/scan00162.jpg\"><img loading=\"lazy\" decoding=\"async\" class=\"aligncenter size-medium wp-image-2906\" src=\"http:\/\/piekarscy.com.pl\/wp-content\/uploads\/2014\/07\/scan00162-214x300.jpg\" alt=\"scan0016\" width=\"214\" height=\"300\" srcset=\"http:\/\/piekarscy.com.pl\/wp-content\/uploads\/2014\/07\/scan00162-214x300.jpg 214w, http:\/\/piekarscy.com.pl\/wp-content\/uploads\/2014\/07\/scan00162-731x1024.jpg 731w, http:\/\/piekarscy.com.pl\/wp-content\/uploads\/2014\/07\/scan00162-624x873.jpg 624w, http:\/\/piekarscy.com.pl\/wp-content\/uploads\/2014\/07\/scan00162.jpg 1670w\" sizes=\"auto, (max-width: 214px) 100vw, 214px\" \/><\/a> <a href=\"http:\/\/piekarscy.com.pl\/wp-content\/uploads\/2014\/07\/scan00172.jpg\"><img loading=\"lazy\" decoding=\"async\" class=\"aligncenter size-medium wp-image-2907\" src=\"http:\/\/piekarscy.com.pl\/wp-content\/uploads\/2014\/07\/scan00172-217x300.jpg\" alt=\"scan0017\" width=\"217\" height=\"300\" srcset=\"http:\/\/piekarscy.com.pl\/wp-content\/uploads\/2014\/07\/scan00172-217x300.jpg 217w, http:\/\/piekarscy.com.pl\/wp-content\/uploads\/2014\/07\/scan00172-743x1024.jpg 743w, http:\/\/piekarscy.com.pl\/wp-content\/uploads\/2014\/07\/scan00172-624x859.jpg 624w, http:\/\/piekarscy.com.pl\/wp-content\/uploads\/2014\/07\/scan00172.jpg 1645w\" sizes=\"auto, (max-width: 217px) 100vw, 217px\" \/><\/a><\/p>\n","protected":false},"excerpt":{"rendered":"<p>&nbsp; To \u017cyciorys i obozowe za\u015bwiadczenia Haliny z Orlickich Czeka\u0144skiej. By\u0142a cioteczn\u0105 siostr\u0105 mojej babci Janiny z Adamskich Piekarskiej. Jej matka Henryka Orlicka z domu Adamska by\u0142a rodzon\u0105 siostr\u0105 mojego pradziadka Antoniego Adamskiego.\u00a0<\/p>\n","protected":false},"author":1,"featured_media":0,"comment_status":"closed","ping_status":"closed","sticky":false,"template":"","format":"standard","meta":{"footnotes":""},"categories":[362,377],"tags":[381,378,379,384,383,382,380],"class_list":["post-2903","post","type-post","status-publish","format-standard","hentry","category-czekanscy","category-orliccy","tag-auschwitz","tag-halina-czekanska","tag-halina-orlicka","tag-ii-wojna-swiatowa","tag-oboz-koncentracyjny","tag-oswiecim","tag-ravensbruck"],"_links":{"self":[{"href":"http:\/\/piekarscy.com.pl\/index.php?rest_route=\/wp\/v2\/posts\/2903","targetHints":{"allow":["GET"]}}],"collection":[{"href":"http:\/\/piekarscy.com.pl\/index.php?rest_route=\/wp\/v2\/posts"}],"about":[{"href":"http:\/\/piekarscy.com.pl\/index.php?rest_route=\/wp\/v2\/types\/post"}],"author":[{"embeddable":true,"href":"http:\/\/piekarscy.com.pl\/index.php?rest_route=\/wp\/v2\/users\/1"}],"replies":[{"embeddable":true,"href":"http:\/\/piekarscy.com.pl\/index.php?rest_route=%2Fwp%2Fv2%2Fcomments&post=2903"}],"version-history":[{"count":1,"href":"http:\/\/piekarscy.com.pl\/index.php?rest_route=\/wp\/v2\/posts\/2903\/revisions"}],"predecessor-version":[{"id":2908,"href":"http:\/\/piekarscy.com.pl\/index.php?rest_route=\/wp\/v2\/posts\/2903\/revisions\/2908"}],"wp:attachment":[{"href":"http:\/\/piekarscy.com.pl\/index.php?rest_route=%2Fwp%2Fv2%2Fmedia&parent=2903"}],"wp:term":[{"taxonomy":"category","embeddable":true,"href":"http:\/\/piekarscy.com.pl\/index.php?rest_route=%2Fwp%2Fv2%2Fcategories&post=2903"},{"taxonomy":"post_tag","embeddable":true,"href":"http:\/\/piekarscy.com.pl\/index.php?rest_route=%2Fwp%2Fv2%2Ftags&post=2903"}],"curies":[{"name":"wp","href":"https:\/\/api.w.org\/{rel}","templated":true}]}}