{"id":2909,"date":"2014-08-31T00:40:46","date_gmt":"2014-08-31T00:40:46","guid":{"rendered":"http:\/\/piekarscy.com.pl\/?p=2909"},"modified":"2014-07-04T19:49:50","modified_gmt":"2014-07-04T19:49:50","slug":"listy-haliny-do-janki-i-karolci","status":"publish","type":"post","link":"http:\/\/piekarscy.com.pl\/?p=2909","title":{"rendered":"Listy Haliny do Janki i Karolci"},"content":{"rendered":"<p>&nbsp;<\/p>\n<p>Halina z Orlickich Czeka\u0144ska by\u0142a\u00a0cioteczn\u0105 siostr\u0105 mojej babci Janiny z Adamskich Piekarskiej. Jej matka Henryka Orlicka z domu Adamska by\u0142a rodzon\u0105 siostr\u0105 mojego pradziadka Antoniego Adamskiego.\u00a0<a href=\"http:\/\/piekarscy.com.pl\/wp-content\/uploads\/2014\/07\/scan00182.jpg\"><img loading=\"lazy\" decoding=\"async\" class=\"aligncenter size-medium wp-image-2910\" src=\"http:\/\/piekarscy.com.pl\/wp-content\/uploads\/2014\/07\/scan00182-211x300.jpg\" alt=\"scan0018\" width=\"211\" height=\"300\" srcset=\"http:\/\/piekarscy.com.pl\/wp-content\/uploads\/2014\/07\/scan00182-211x300.jpg 211w, http:\/\/piekarscy.com.pl\/wp-content\/uploads\/2014\/07\/scan00182-720x1024.jpg 720w, http:\/\/piekarscy.com.pl\/wp-content\/uploads\/2014\/07\/scan00182-624x886.jpg 624w, http:\/\/piekarscy.com.pl\/wp-content\/uploads\/2014\/07\/scan00182.jpg 1154w\" sizes=\"auto, (max-width: 211px) 100vw, 211px\" \/><\/a><\/p>\n<p><a href=\"http:\/\/piekarscy.com.pl\/wp-content\/uploads\/2014\/07\/scan00192.jpg\"><img loading=\"lazy\" decoding=\"async\" class=\"aligncenter size-medium wp-image-2911\" src=\"http:\/\/piekarscy.com.pl\/wp-content\/uploads\/2014\/07\/scan00192-300x214.jpg\" alt=\"scan0019\" width=\"300\" height=\"214\" srcset=\"http:\/\/piekarscy.com.pl\/wp-content\/uploads\/2014\/07\/scan00192-300x214.jpg 300w, http:\/\/piekarscy.com.pl\/wp-content\/uploads\/2014\/07\/scan00192-1024x733.jpg 1024w, http:\/\/piekarscy.com.pl\/wp-content\/uploads\/2014\/07\/scan00192-624x446.jpg 624w\" sizes=\"auto, (max-width: 300px) 100vw, 300px\" \/><\/a><\/p>\n<p>Nie wiem kim jest osoba, kt\u00f3ra pisa\u0142a ten list, ale jest on na odwrociu listu Halinki do Janki.\u00a0<a href=\"http:\/\/piekarscy.com.pl\/wp-content\/uploads\/2014\/07\/scan00202.jpg\"><img loading=\"lazy\" decoding=\"async\" class=\"aligncenter size-medium wp-image-2912\" src=\"http:\/\/piekarscy.com.pl\/wp-content\/uploads\/2014\/07\/scan00202-300x206.jpg\" alt=\"scan0020\" width=\"300\" height=\"206\" srcset=\"http:\/\/piekarscy.com.pl\/wp-content\/uploads\/2014\/07\/scan00202-300x206.jpg 300w, http:\/\/piekarscy.com.pl\/wp-content\/uploads\/2014\/07\/scan00202-1024x704.jpg 1024w, http:\/\/piekarscy.com.pl\/wp-content\/uploads\/2014\/07\/scan00202-624x429.jpg 624w, http:\/\/piekarscy.com.pl\/wp-content\/uploads\/2014\/07\/scan00202.jpg 1151w\" sizes=\"auto, (max-width: 300px) 100vw, 300px\" \/><\/a> <a href=\"http:\/\/piekarscy.com.pl\/wp-content\/uploads\/2014\/07\/scan00212.jpg\"><img loading=\"lazy\" decoding=\"async\" class=\"aligncenter size-medium wp-image-2913\" src=\"http:\/\/piekarscy.com.pl\/wp-content\/uploads\/2014\/07\/scan00212-189x300.jpg\" alt=\"scan0021\" width=\"189\" height=\"300\" srcset=\"http:\/\/piekarscy.com.pl\/wp-content\/uploads\/2014\/07\/scan00212-189x300.jpg 189w, http:\/\/piekarscy.com.pl\/wp-content\/uploads\/2014\/07\/scan00212-646x1024.jpg 646w, http:\/\/piekarscy.com.pl\/wp-content\/uploads\/2014\/07\/scan00212-624x987.jpg 624w, http:\/\/piekarscy.com.pl\/wp-content\/uploads\/2014\/07\/scan00212.jpg 698w\" sizes=\"auto, (max-width: 189px) 100vw, 189px\" \/><\/a> <a href=\"http:\/\/piekarscy.com.pl\/wp-content\/uploads\/2014\/07\/scan00222.jpg\"><img loading=\"lazy\" decoding=\"async\" class=\"aligncenter size-medium wp-image-2914\" src=\"http:\/\/piekarscy.com.pl\/wp-content\/uploads\/2014\/07\/scan00222-300x187.jpg\" alt=\"scan0022\" width=\"300\" height=\"187\" srcset=\"http:\/\/piekarscy.com.pl\/wp-content\/uploads\/2014\/07\/scan00222-300x187.jpg 300w, http:\/\/piekarscy.com.pl\/wp-content\/uploads\/2014\/07\/scan00222-1024x641.jpg 1024w, http:\/\/piekarscy.com.pl\/wp-content\/uploads\/2014\/07\/scan00222-624x390.jpg 624w, http:\/\/piekarscy.com.pl\/wp-content\/uploads\/2014\/07\/scan00222.jpg 1119w\" sizes=\"auto, (max-width: 300px) 100vw, 300px\" \/><\/a> <a href=\"http:\/\/piekarscy.com.pl\/wp-content\/uploads\/2014\/07\/scan00232.jpg\"><img loading=\"lazy\" decoding=\"async\" class=\"aligncenter size-medium wp-image-2915\" src=\"http:\/\/piekarscy.com.pl\/wp-content\/uploads\/2014\/07\/scan00232-193x300.jpg\" alt=\"scan0023\" width=\"193\" height=\"300\" srcset=\"http:\/\/piekarscy.com.pl\/wp-content\/uploads\/2014\/07\/scan00232-193x300.jpg 193w, http:\/\/piekarscy.com.pl\/wp-content\/uploads\/2014\/07\/scan00232-658x1024.jpg 658w, http:\/\/piekarscy.com.pl\/wp-content\/uploads\/2014\/07\/scan00232-624x969.jpg 624w, http:\/\/piekarscy.com.pl\/wp-content\/uploads\/2014\/07\/scan00232.jpg 709w\" sizes=\"auto, (max-width: 193px) 100vw, 193px\" \/><\/a> <a href=\"http:\/\/piekarscy.com.pl\/wp-content\/uploads\/2014\/07\/scan00242.jpg\"><img loading=\"lazy\" decoding=\"async\" class=\"aligncenter size-medium wp-image-2916\" src=\"http:\/\/piekarscy.com.pl\/wp-content\/uploads\/2014\/07\/scan00242-300x188.jpg\" alt=\"scan0024\" width=\"300\" height=\"188\" srcset=\"http:\/\/piekarscy.com.pl\/wp-content\/uploads\/2014\/07\/scan00242-300x188.jpg 300w, http:\/\/piekarscy.com.pl\/wp-content\/uploads\/2014\/07\/scan00242-1024x643.jpg 1024w, http:\/\/piekarscy.com.pl\/wp-content\/uploads\/2014\/07\/scan00242-624x391.jpg 624w, http:\/\/piekarscy.com.pl\/wp-content\/uploads\/2014\/07\/scan00242.jpg 1108w\" sizes=\"auto, (max-width: 300px) 100vw, 300px\" \/><\/a><\/p>\n","protected":false},"excerpt":{"rendered":"<p>&nbsp; Halina z Orlickich Czeka\u0144ska by\u0142a\u00a0cioteczn\u0105 siostr\u0105 mojej babci Janiny z Adamskich Piekarskiej. Jej matka Henryka Orlicka z domu Adamska by\u0142a rodzon\u0105 siostr\u0105 mojego pradziadka Antoniego Adamskiego.\u00a0 Nie wiem kim jest osoba, kt\u00f3ra pisa\u0142a ten list, ale jest on na odwrociu listu Halinki do Janki.\u00a0<\/p>\n","protected":false},"author":1,"featured_media":0,"comment_status":"closed","ping_status":"closed","sticky":false,"template":"","format":"standard","meta":{"footnotes":""},"categories":[5,362,377,3,7],"tags":[378,379,22,24,23,27,25,26,105],"class_list":["post-2909","post","type-post","status-publish","format-standard","hentry","category-adamscy","category-czekanscy","category-orliccy","category-piekarscy","category-przybytkowscy","tag-halina-czekanska","tag-halina-orlicka","tag-janina-adamska","tag-janina-piekarska","tag-janina-z-adamskich-piekarska","tag-leokadia-karolina-adamska","tag-leokadia-karolina-przybytkowska","tag-leokadia-karolina-z-przybytkowskich-adamska","tag-list"],"_links":{"self":[{"href":"http:\/\/piekarscy.com.pl\/index.php?rest_route=\/wp\/v2\/posts\/2909","targetHints":{"allow":["GET"]}}],"collection":[{"href":"http:\/\/piekarscy.com.pl\/index.php?rest_route=\/wp\/v2\/posts"}],"about":[{"href":"http:\/\/piekarscy.com.pl\/index.php?rest_route=\/wp\/v2\/types\/post"}],"author":[{"embeddable":true,"href":"http:\/\/piekarscy.com.pl\/index.php?rest_route=\/wp\/v2\/users\/1"}],"replies":[{"embeddable":true,"href":"http:\/\/piekarscy.com.pl\/index.php?rest_route=%2Fwp%2Fv2%2Fcomments&post=2909"}],"version-history":[{"count":1,"href":"http:\/\/piekarscy.com.pl\/index.php?rest_route=\/wp\/v2\/posts\/2909\/revisions"}],"predecessor-version":[{"id":2917,"href":"http:\/\/piekarscy.com.pl\/index.php?rest_route=\/wp\/v2\/posts\/2909\/revisions\/2917"}],"wp:attachment":[{"href":"http:\/\/piekarscy.com.pl\/index.php?rest_route=%2Fwp%2Fv2%2Fmedia&parent=2909"}],"wp:term":[{"taxonomy":"category","embeddable":true,"href":"http:\/\/piekarscy.com.pl\/index.php?rest_route=%2Fwp%2Fv2%2Fcategories&post=2909"},{"taxonomy":"post_tag","embeddable":true,"href":"http:\/\/piekarscy.com.pl\/index.php?rest_route=%2Fwp%2Fv2%2Ftags&post=2909"}],"curies":[{"name":"wp","href":"https:\/\/api.w.org\/{rel}","templated":true}]}}