{"id":2944,"date":"2014-09-01T00:36:04","date_gmt":"2014-09-01T00:36:04","guid":{"rendered":"http:\/\/piekarscy.com.pl\/?p=2944"},"modified":"2014-07-04T20:47:34","modified_gmt":"2014-07-04T20:47:34","slug":"tradycje-szkoly-kurmanowej","status":"publish","type":"post","link":"http:\/\/piekarscy.com.pl\/?p=2944","title":{"rendered":"Tradycje szko\u0142y Kurmanowej"},"content":{"rendered":"<p>Moja babcia Janina z Adamskich Piekarska ko\u0144czy\u0142a pensj\u0119 Zofii Kurmanowej. Z kole\u017cankami ze szko\u0142y utrzymywa\u0142a kontakt przez ca\u0142e \u017cycie.<\/p>\n<p><a href=\"http:\/\/piekarscy.com.pl\/wp-content\/uploads\/2014\/07\/kurmanowa1.jpg\"><img loading=\"lazy\" decoding=\"async\" class=\"aligncenter size-medium wp-image-2945\" src=\"http:\/\/piekarscy.com.pl\/wp-content\/uploads\/2014\/07\/kurmanowa1-300x136.jpg\" alt=\"kurmanowa1\" width=\"300\" height=\"136\" srcset=\"http:\/\/piekarscy.com.pl\/wp-content\/uploads\/2014\/07\/kurmanowa1-300x136.jpg 300w, http:\/\/piekarscy.com.pl\/wp-content\/uploads\/2014\/07\/kurmanowa1-1024x466.jpg 1024w, http:\/\/piekarscy.com.pl\/wp-content\/uploads\/2014\/07\/kurmanowa1-624x284.jpg 624w\" sizes=\"auto, (max-width: 300px) 100vw, 300px\" \/><\/a> <a href=\"http:\/\/piekarscy.com.pl\/wp-content\/uploads\/2014\/07\/kurmanowa-foto.jpg\"><img loading=\"lazy\" decoding=\"async\" class=\"aligncenter size-medium wp-image-2946\" src=\"http:\/\/piekarscy.com.pl\/wp-content\/uploads\/2014\/07\/kurmanowa-foto-300x192.jpg\" alt=\"kurmanowa-foto\" width=\"300\" height=\"192\" srcset=\"http:\/\/piekarscy.com.pl\/wp-content\/uploads\/2014\/07\/kurmanowa-foto-300x192.jpg 300w, http:\/\/piekarscy.com.pl\/wp-content\/uploads\/2014\/07\/kurmanowa-foto-1024x657.jpg 1024w, http:\/\/piekarscy.com.pl\/wp-content\/uploads\/2014\/07\/kurmanowa-foto-624x400.jpg 624w\" sizes=\"auto, (max-width: 300px) 100vw, 300px\" \/><\/a> <a href=\"http:\/\/piekarscy.com.pl\/wp-content\/uploads\/2014\/07\/kurmanowa2.jpg\"><img loading=\"lazy\" decoding=\"async\" class=\"aligncenter size-medium wp-image-2947\" src=\"http:\/\/piekarscy.com.pl\/wp-content\/uploads\/2014\/07\/kurmanowa2-300x210.jpg\" alt=\"kurmanowa2\" width=\"300\" height=\"210\" srcset=\"http:\/\/piekarscy.com.pl\/wp-content\/uploads\/2014\/07\/kurmanowa2-300x210.jpg 300w, http:\/\/piekarscy.com.pl\/wp-content\/uploads\/2014\/07\/kurmanowa2-1024x719.jpg 1024w, http:\/\/piekarscy.com.pl\/wp-content\/uploads\/2014\/07\/kurmanowa2-624x438.jpg 624w\" sizes=\"auto, (max-width: 300px) 100vw, 300px\" \/><\/a> <a href=\"http:\/\/piekarscy.com.pl\/wp-content\/uploads\/2014\/07\/kurmanowa3.jpg\"><img loading=\"lazy\" decoding=\"async\" class=\"aligncenter size-medium wp-image-2948\" src=\"http:\/\/piekarscy.com.pl\/wp-content\/uploads\/2014\/07\/kurmanowa3-210x300.jpg\" alt=\"kurmanowa3\" width=\"210\" height=\"300\" srcset=\"http:\/\/piekarscy.com.pl\/wp-content\/uploads\/2014\/07\/kurmanowa3-210x300.jpg 210w, http:\/\/piekarscy.com.pl\/wp-content\/uploads\/2014\/07\/kurmanowa3-717x1024.jpg 717w, http:\/\/piekarscy.com.pl\/wp-content\/uploads\/2014\/07\/kurmanowa3-624x889.jpg 624w\" sizes=\"auto, (max-width: 210px) 100vw, 210px\" \/><\/a><\/p>\n","protected":false},"excerpt":{"rendered":"<p>Moja babcia Janina z Adamskich Piekarska ko\u0144czy\u0142a pensj\u0119 Zofii Kurmanowej. Z kole\u017cankami ze szko\u0142y utrzymywa\u0142a kontakt przez ca\u0142e \u017cycie.<\/p>\n","protected":false},"author":1,"featured_media":0,"comment_status":"closed","ping_status":"closed","sticky":false,"template":"","format":"standard","meta":{"footnotes":""},"categories":[5,3],"tags":[80,22,24,23,393,394,395],"class_list":["post-2944","post","type-post","status-publish","format-standard","hentry","category-adamscy","category-piekarscy","tag-dokument","tag-janina-adamska","tag-janina-piekarska","tag-janina-z-adamskich-piekarska","tag-pensja","tag-szkola","tag-szkola-zofii-kurmanowej"],"_links":{"self":[{"href":"http:\/\/piekarscy.com.pl\/index.php?rest_route=\/wp\/v2\/posts\/2944","targetHints":{"allow":["GET"]}}],"collection":[{"href":"http:\/\/piekarscy.com.pl\/index.php?rest_route=\/wp\/v2\/posts"}],"about":[{"href":"http:\/\/piekarscy.com.pl\/index.php?rest_route=\/wp\/v2\/types\/post"}],"author":[{"embeddable":true,"href":"http:\/\/piekarscy.com.pl\/index.php?rest_route=\/wp\/v2\/users\/1"}],"replies":[{"embeddable":true,"href":"http:\/\/piekarscy.com.pl\/index.php?rest_route=%2Fwp%2Fv2%2Fcomments&post=2944"}],"version-history":[{"count":1,"href":"http:\/\/piekarscy.com.pl\/index.php?rest_route=\/wp\/v2\/posts\/2944\/revisions"}],"predecessor-version":[{"id":2949,"href":"http:\/\/piekarscy.com.pl\/index.php?rest_route=\/wp\/v2\/posts\/2944\/revisions\/2949"}],"wp:attachment":[{"href":"http:\/\/piekarscy.com.pl\/index.php?rest_route=%2Fwp%2Fv2%2Fmedia&parent=2944"}],"wp:term":[{"taxonomy":"category","embeddable":true,"href":"http:\/\/piekarscy.com.pl\/index.php?rest_route=%2Fwp%2Fv2%2Fcategories&post=2944"},{"taxonomy":"post_tag","embeddable":true,"href":"http:\/\/piekarscy.com.pl\/index.php?rest_route=%2Fwp%2Fv2%2Ftags&post=2944"}],"curies":[{"name":"wp","href":"https:\/\/api.w.org\/{rel}","templated":true}]}}