{"id":2956,"date":"2014-09-13T14:40:30","date_gmt":"2014-09-13T14:40:30","guid":{"rendered":"http:\/\/piekarscy.com.pl\/?p=2956"},"modified":"2014-09-13T15:34:31","modified_gmt":"2014-09-13T15:34:31","slug":"pocztowka-od-manci","status":"publish","type":"post","link":"http:\/\/piekarscy.com.pl\/?p=2956","title":{"rendered":"Poczt\u00f3wka od Ma\u0144ci"},"content":{"rendered":"<p>To jest poczt\u00f3wka, kt\u00f3r\u0105 Ma\u0144cia, czyli Maria z Adamskich W\u0119gierkiewicz wys\u0142a\u0142a swojemu bratu, a mojemu pradziadkowi, do sanatorium do Szafranowa.\u00a0<a href=\"http:\/\/piekarscy.com.pl\/wp-content\/uploads\/2014\/07\/pocztowka-od-manci1.jpg\"><img loading=\"lazy\" decoding=\"async\" class=\"aligncenter size-medium wp-image-2957\" src=\"http:\/\/piekarscy.com.pl\/wp-content\/uploads\/2014\/07\/pocztowka-od-manci1-300x192.jpg\" alt=\"pocztowka od manci1\" width=\"300\" height=\"192\" srcset=\"http:\/\/piekarscy.com.pl\/wp-content\/uploads\/2014\/07\/pocztowka-od-manci1-300x192.jpg 300w, http:\/\/piekarscy.com.pl\/wp-content\/uploads\/2014\/07\/pocztowka-od-manci1-1024x655.jpg 1024w, http:\/\/piekarscy.com.pl\/wp-content\/uploads\/2014\/07\/pocztowka-od-manci1-624x399.jpg 624w\" sizes=\"auto, (max-width: 300px) 100vw, 300px\" \/><\/a> <a href=\"http:\/\/piekarscy.com.pl\/wp-content\/uploads\/2014\/07\/pocztowka-od-manci2.jpg\"><img loading=\"lazy\" decoding=\"async\" class=\"aligncenter size-medium wp-image-2958\" src=\"http:\/\/piekarscy.com.pl\/wp-content\/uploads\/2014\/07\/pocztowka-od-manci2-300x198.jpg\" alt=\"pocztowka od manci2\" width=\"300\" height=\"198\" srcset=\"http:\/\/piekarscy.com.pl\/wp-content\/uploads\/2014\/07\/pocztowka-od-manci2-300x198.jpg 300w, http:\/\/piekarscy.com.pl\/wp-content\/uploads\/2014\/07\/pocztowka-od-manci2-1024x678.jpg 1024w, http:\/\/piekarscy.com.pl\/wp-content\/uploads\/2014\/07\/pocztowka-od-manci2-624x413.jpg 624w\" sizes=\"auto, (max-width: 300px) 100vw, 300px\" \/><\/a><\/p>\n","protected":false},"excerpt":{"rendered":"<p>To jest poczt\u00f3wka, kt\u00f3r\u0105 Ma\u0144cia, czyli Maria z Adamskich W\u0119gierkiewicz wys\u0142a\u0142a swojemu bratu, a mojemu pradziadkowi, do sanatorium do Szafranowa.\u00a0<\/p>\n","protected":false},"author":1,"featured_media":0,"comment_status":"closed","ping_status":"closed","sticky":false,"template":"","format":"standard","meta":{"footnotes":""},"categories":[5],"tags":[28,396,103],"class_list":["post-2956","post","type-post","status-publish","format-standard","hentry","category-adamscy","tag-antoni-adamski","tag-maria-adamska","tag-pocztowka"],"_links":{"self":[{"href":"http:\/\/piekarscy.com.pl\/index.php?rest_route=\/wp\/v2\/posts\/2956","targetHints":{"allow":["GET"]}}],"collection":[{"href":"http:\/\/piekarscy.com.pl\/index.php?rest_route=\/wp\/v2\/posts"}],"about":[{"href":"http:\/\/piekarscy.com.pl\/index.php?rest_route=\/wp\/v2\/types\/post"}],"author":[{"embeddable":true,"href":"http:\/\/piekarscy.com.pl\/index.php?rest_route=\/wp\/v2\/users\/1"}],"replies":[{"embeddable":true,"href":"http:\/\/piekarscy.com.pl\/index.php?rest_route=%2Fwp%2Fv2%2Fcomments&post=2956"}],"version-history":[{"count":2,"href":"http:\/\/piekarscy.com.pl\/index.php?rest_route=\/wp\/v2\/posts\/2956\/revisions"}],"predecessor-version":[{"id":3367,"href":"http:\/\/piekarscy.com.pl\/index.php?rest_route=\/wp\/v2\/posts\/2956\/revisions\/3367"}],"wp:attachment":[{"href":"http:\/\/piekarscy.com.pl\/index.php?rest_route=%2Fwp%2Fv2%2Fmedia&parent=2956"}],"wp:term":[{"taxonomy":"category","embeddable":true,"href":"http:\/\/piekarscy.com.pl\/index.php?rest_route=%2Fwp%2Fv2%2Fcategories&post=2956"},{"taxonomy":"post_tag","embeddable":true,"href":"http:\/\/piekarscy.com.pl\/index.php?rest_route=%2Fwp%2Fv2%2Ftags&post=2956"}],"curies":[{"name":"wp","href":"https:\/\/api.w.org\/{rel}","templated":true}]}}