{"id":2960,"date":"2014-09-16T00:02:31","date_gmt":"2014-09-16T00:02:31","guid":{"rendered":"http:\/\/piekarscy.com.pl\/?p=2960"},"modified":"2014-07-04T21:04:55","modified_gmt":"2014-07-04T21:04:55","slug":"stanislaw-wegierkiewicz","status":"publish","type":"post","link":"http:\/\/piekarscy.com.pl\/?p=2960","title":{"rendered":"Stanis\u0142aw W\u0119gierkiewicz"},"content":{"rendered":"<p>To Stanis\u0142aw W\u0119gierkiewicz, czyli m\u0105\u017c Marii z Adamskich &#8211; rodzonej siostry mojego pradziadka Antoniego Adamskiego.\u00a0<a href=\"http:\/\/piekarscy.com.pl\/wp-content\/uploads\/2014\/07\/stanis\u0142aw-wegierkiewicz.jpg\"><img loading=\"lazy\" decoding=\"async\" class=\"aligncenter size-medium wp-image-2961\" src=\"http:\/\/piekarscy.com.pl\/wp-content\/uploads\/2014\/07\/stanis\u0142aw-wegierkiewicz-178x300.jpg\" alt=\"stanis\u0142aw wegierkiewicz\" width=\"178\" height=\"300\" srcset=\"http:\/\/piekarscy.com.pl\/wp-content\/uploads\/2014\/07\/stanis\u0142aw-wegierkiewicz-178x300.jpg 178w, http:\/\/piekarscy.com.pl\/wp-content\/uploads\/2014\/07\/stanis\u0142aw-wegierkiewicz-610x1024.jpg 610w, http:\/\/piekarscy.com.pl\/wp-content\/uploads\/2014\/07\/stanis\u0142aw-wegierkiewicz.jpg 1961w\" sizes=\"auto, (max-width: 178px) 100vw, 178px\" \/><\/a><\/p>\n","protected":false},"excerpt":{"rendered":"<p>To Stanis\u0142aw W\u0119gierkiewicz, czyli m\u0105\u017c Marii z Adamskich &#8211; rodzonej siostry mojego pradziadka Antoniego Adamskiego.\u00a0<\/p>\n","protected":false},"author":1,"featured_media":0,"comment_status":"closed","ping_status":"closed","sticky":false,"template":"","format":"standard","meta":{"footnotes":""},"categories":[5,397],"tags":[102,398],"class_list":["post-2960","post","type-post","status-publish","format-standard","hentry","category-adamscy","category-wegierkiewicz","tag-fotografia","tag-stanislaw-wegierkiewicz"],"_links":{"self":[{"href":"http:\/\/piekarscy.com.pl\/index.php?rest_route=\/wp\/v2\/posts\/2960","targetHints":{"allow":["GET"]}}],"collection":[{"href":"http:\/\/piekarscy.com.pl\/index.php?rest_route=\/wp\/v2\/posts"}],"about":[{"href":"http:\/\/piekarscy.com.pl\/index.php?rest_route=\/wp\/v2\/types\/post"}],"author":[{"embeddable":true,"href":"http:\/\/piekarscy.com.pl\/index.php?rest_route=\/wp\/v2\/users\/1"}],"replies":[{"embeddable":true,"href":"http:\/\/piekarscy.com.pl\/index.php?rest_route=%2Fwp%2Fv2%2Fcomments&post=2960"}],"version-history":[{"count":1,"href":"http:\/\/piekarscy.com.pl\/index.php?rest_route=\/wp\/v2\/posts\/2960\/revisions"}],"predecessor-version":[{"id":2962,"href":"http:\/\/piekarscy.com.pl\/index.php?rest_route=\/wp\/v2\/posts\/2960\/revisions\/2962"}],"wp:attachment":[{"href":"http:\/\/piekarscy.com.pl\/index.php?rest_route=%2Fwp%2Fv2%2Fmedia&parent=2960"}],"wp:term":[{"taxonomy":"category","embeddable":true,"href":"http:\/\/piekarscy.com.pl\/index.php?rest_route=%2Fwp%2Fv2%2Fcategories&post=2960"},{"taxonomy":"post_tag","embeddable":true,"href":"http:\/\/piekarscy.com.pl\/index.php?rest_route=%2Fwp%2Fv2%2Ftags&post=2960"}],"curies":[{"name":"wp","href":"https:\/\/api.w.org\/{rel}","templated":true}]}}