{"id":3000,"date":"2014-09-23T00:09:38","date_gmt":"2014-09-23T00:09:38","guid":{"rendered":"http:\/\/piekarscy.com.pl\/?p=3000"},"modified":"2014-07-09T18:49:32","modified_gmt":"2014-07-09T18:49:32","slug":"akt-potwierdzenia-szlachectwa-praprapradziadka-juliana","status":"publish","type":"post","link":"http:\/\/piekarscy.com.pl\/?p=3000","title":{"rendered":"S\u0105dowy akt potwierdzenia szlachectwa praprapradziadka Juliana"},"content":{"rendered":"<p>Praprapradziadek Julian Antoni Ruszczykowski (mo\u017ce by\u0142 jakim\u015b\u00a0snobem) kilka razy potwierdza\u0142 swoje szlachectwo. Tutaj jednym z jego \u015bwiadk\u00f3w by\u0142 W\u0142adys\u0142aw Po\u0142kotycki. Panowie byli spowinowaceni. W\u0142adys\u0142aw po\u0142kotycki o\u017ceni\u0142 si\u0119 bowiem z J\u00f3zef\u0105 z Kosseckich, c\u00f3rk\u0105 El\u017cbiety z Ko\u015bciesza Nieszkowskich i zarazem wnuczk\u0105 Joanny z Ko\u015bciesza Nieszkowskich Ko\u015bciesza Nieszkowskiej, za\u015b syn Juliana Antoniego Ruszczykowskiego Bronis\u0142aw Franciszek Ksawery Ruszczykowski o\u017ceni\u0142 si\u0119 ze Stanis\u0142aw\u0105 Ann\u0105 Sabin\u0105 Gorczyck\u0105, c\u00f3rk\u0105 Konstancji z Ko\u015bciesza Nieszkowskich i zarazem wnuczk\u0105 wspomnianej ju\u017c\u00a0Joanny z Ko\u015bciesza Nieszkowskich Ko\u015bciesza Nieszkowskiej. Uff! Dobrn\u0119\u0142am do ko\u0144ca w tym wyja\u015bnianiu koligacji.\u00a0<a href=\"http:\/\/piekarscy.com.pl\/wp-content\/uploads\/2014\/07\/akt-polkotycki-01.jpg\"><img loading=\"lazy\" decoding=\"async\" class=\"aligncenter size-medium wp-image-3001\" src=\"http:\/\/piekarscy.com.pl\/wp-content\/uploads\/2014\/07\/akt-polkotycki-01-187x300.jpg\" alt=\"akt polkotycki 01\" width=\"187\" height=\"300\" srcset=\"http:\/\/piekarscy.com.pl\/wp-content\/uploads\/2014\/07\/akt-polkotycki-01-187x300.jpg 187w, http:\/\/piekarscy.com.pl\/wp-content\/uploads\/2014\/07\/akt-polkotycki-01-641x1024.jpg 641w\" sizes=\"auto, (max-width: 187px) 100vw, 187px\" \/><\/a> <a href=\"http:\/\/piekarscy.com.pl\/wp-content\/uploads\/2014\/07\/akt-polkotycki-02.jpg\"><img loading=\"lazy\" decoding=\"async\" class=\"aligncenter size-medium wp-image-3002\" src=\"http:\/\/piekarscy.com.pl\/wp-content\/uploads\/2014\/07\/akt-polkotycki-02-188x300.jpg\" alt=\"akt polkotycki 02\" width=\"188\" height=\"300\" srcset=\"http:\/\/piekarscy.com.pl\/wp-content\/uploads\/2014\/07\/akt-polkotycki-02-188x300.jpg 188w, http:\/\/piekarscy.com.pl\/wp-content\/uploads\/2014\/07\/akt-polkotycki-02-643x1024.jpg 643w, http:\/\/piekarscy.com.pl\/wp-content\/uploads\/2014\/07\/akt-polkotycki-02-624x992.jpg 624w\" sizes=\"auto, (max-width: 188px) 100vw, 188px\" \/><\/a><\/p>\n","protected":false},"excerpt":{"rendered":"<p>Praprapradziadek Julian Antoni Ruszczykowski (mo\u017ce by\u0142 jakim\u015b\u00a0snobem) kilka razy potwierdza\u0142 swoje szlachectwo. Tutaj jednym z jego \u015bwiadk\u00f3w by\u0142 W\u0142adys\u0142aw Po\u0142kotycki. Panowie byli spowinowaceni. W\u0142adys\u0142aw po\u0142kotycki o\u017ceni\u0142 si\u0119 bowiem z J\u00f3zef\u0105 z Kosseckich, c\u00f3rk\u0105 El\u017cbiety z Ko\u015bciesza Nieszkowskich i zarazem wnuczk\u0105 Joanny z Ko\u015bciesza Nieszkowskich Ko\u015bciesza Nieszkowskiej, za\u015b syn Juliana Antoniego Ruszczykowskiego Bronis\u0142aw Franciszek Ksawery Ruszczykowski [&hellip;]<\/p>\n","protected":false},"author":1,"featured_media":0,"comment_status":"closed","ping_status":"closed","sticky":false,"template":"","format":"standard","meta":{"footnotes":""},"categories":[6,223,200,224,4],"tags":[410,42,409],"class_list":["post-3000","post","type-post","status-publish","format-standard","hentry","category-gorczyccy","category-kosseccy","category-nieszkowscy","category-polkotyccy","category-ruszczykowscy","tag-akt-potwierdzenia-szlachectwa","tag-julian-antoni-ruszczykowski","tag-wladyslaw-polkotycki"],"_links":{"self":[{"href":"http:\/\/piekarscy.com.pl\/index.php?rest_route=\/wp\/v2\/posts\/3000","targetHints":{"allow":["GET"]}}],"collection":[{"href":"http:\/\/piekarscy.com.pl\/index.php?rest_route=\/wp\/v2\/posts"}],"about":[{"href":"http:\/\/piekarscy.com.pl\/index.php?rest_route=\/wp\/v2\/types\/post"}],"author":[{"embeddable":true,"href":"http:\/\/piekarscy.com.pl\/index.php?rest_route=\/wp\/v2\/users\/1"}],"replies":[{"embeddable":true,"href":"http:\/\/piekarscy.com.pl\/index.php?rest_route=%2Fwp%2Fv2%2Fcomments&post=3000"}],"version-history":[{"count":3,"href":"http:\/\/piekarscy.com.pl\/index.php?rest_route=\/wp\/v2\/posts\/3000\/revisions"}],"predecessor-version":[{"id":3005,"href":"http:\/\/piekarscy.com.pl\/index.php?rest_route=\/wp\/v2\/posts\/3000\/revisions\/3005"}],"wp:attachment":[{"href":"http:\/\/piekarscy.com.pl\/index.php?rest_route=%2Fwp%2Fv2%2Fmedia&parent=3000"}],"wp:term":[{"taxonomy":"category","embeddable":true,"href":"http:\/\/piekarscy.com.pl\/index.php?rest_route=%2Fwp%2Fv2%2Fcategories&post=3000"},{"taxonomy":"post_tag","embeddable":true,"href":"http:\/\/piekarscy.com.pl\/index.php?rest_route=%2Fwp%2Fv2%2Ftags&post=3000"}],"curies":[{"name":"wp","href":"https:\/\/api.w.org\/{rel}","templated":true}]}}