{"id":3159,"date":"2014-10-02T00:47:40","date_gmt":"2014-10-02T00:47:40","guid":{"rendered":"http:\/\/piekarscy.com.pl\/?p=3159"},"modified":"2014-07-10T07:59:02","modified_gmt":"2014-07-10T07:59:02","slug":"tabliczka-z-domu-przy-walecznych","status":"publish","type":"post","link":"http:\/\/piekarscy.com.pl\/?p=3159","title":{"rendered":"Tabliczka z domu przy Walecznych"},"content":{"rendered":"<p>W drewnianym domy praprababci Anny z Neumann\u00f3w Przybytkowskiej by\u0142 w swoim czasie jedyny na Saskiej K\u0119pie telefon. Jej zi\u0119\u0107 Witold Szenk pracowa\u0142 &#8222;w telefonach&#8221;. Dlatego wielu mieszka\u0144c\u00f3w by\u0142a to najbli\u017csza &#8222;budka telefoniczna&#8221;. Dlatego w domu wisia\u0142a stosowna tabliczka, kt\u00f3ra zachowa\u0142a si\u0119 po dzi\u015b dzie\u0144.<\/p>\n<p><a href=\"http:\/\/piekarscy.com.pl\/wp-content\/uploads\/2014\/07\/tabliczka-telefoniczna.jpg\"><img loading=\"lazy\" decoding=\"async\" class=\"aligncenter size-medium wp-image-3142\" src=\"http:\/\/piekarscy.com.pl\/wp-content\/uploads\/2014\/07\/tabliczka-telefoniczna-300x118.jpg\" alt=\"tabliczka telefoniczna\" width=\"300\" height=\"118\" srcset=\"http:\/\/piekarscy.com.pl\/wp-content\/uploads\/2014\/07\/tabliczka-telefoniczna-300x118.jpg 300w, http:\/\/piekarscy.com.pl\/wp-content\/uploads\/2014\/07\/tabliczka-telefoniczna-1024x403.jpg 1024w, http:\/\/piekarscy.com.pl\/wp-content\/uploads\/2014\/07\/tabliczka-telefoniczna-624x245.jpg 624w\" sizes=\"auto, (max-width: 300px) 100vw, 300px\" \/><\/a><\/p>\n","protected":false},"excerpt":{"rendered":"<p>W drewnianym domy praprababci Anny z Neumann\u00f3w Przybytkowskiej by\u0142 w swoim czasie jedyny na Saskiej K\u0119pie telefon. Jej zi\u0119\u0107 Witold Szenk pracowa\u0142 &#8222;w telefonach&#8221;. Dlatego wielu mieszka\u0144c\u00f3w by\u0142a to najbli\u017csza &#8222;budka telefoniczna&#8221;. Dlatego w domu wisia\u0142a stosowna tabliczka, kt\u00f3ra zachowa\u0142a si\u0119 po dzi\u015b dzie\u0144.<\/p>\n","protected":false},"author":1,"featured_media":0,"comment_status":"closed","ping_status":"closed","sticky":false,"template":"","format":"standard","meta":{"footnotes":""},"categories":[14,7,15],"tags":[53,124,50,412,346],"class_list":["post-3159","post","type-post","status-publish","format-standard","hentry","category-neumann","category-przybytkowscy","category-szenk","tag-anna-klotylda-neumann","tag-anna-neumann","tag-pamiatka","tag-tabliczka","tag-witold-szenk"],"_links":{"self":[{"href":"http:\/\/piekarscy.com.pl\/index.php?rest_route=\/wp\/v2\/posts\/3159","targetHints":{"allow":["GET"]}}],"collection":[{"href":"http:\/\/piekarscy.com.pl\/index.php?rest_route=\/wp\/v2\/posts"}],"about":[{"href":"http:\/\/piekarscy.com.pl\/index.php?rest_route=\/wp\/v2\/types\/post"}],"author":[{"embeddable":true,"href":"http:\/\/piekarscy.com.pl\/index.php?rest_route=\/wp\/v2\/users\/1"}],"replies":[{"embeddable":true,"href":"http:\/\/piekarscy.com.pl\/index.php?rest_route=%2Fwp%2Fv2%2Fcomments&post=3159"}],"version-history":[{"count":1,"href":"http:\/\/piekarscy.com.pl\/index.php?rest_route=\/wp\/v2\/posts\/3159\/revisions"}],"predecessor-version":[{"id":3160,"href":"http:\/\/piekarscy.com.pl\/index.php?rest_route=\/wp\/v2\/posts\/3159\/revisions\/3160"}],"wp:attachment":[{"href":"http:\/\/piekarscy.com.pl\/index.php?rest_route=%2Fwp%2Fv2%2Fmedia&parent=3159"}],"wp:term":[{"taxonomy":"category","embeddable":true,"href":"http:\/\/piekarscy.com.pl\/index.php?rest_route=%2Fwp%2Fv2%2Fcategories&post=3159"},{"taxonomy":"post_tag","embeddable":true,"href":"http:\/\/piekarscy.com.pl\/index.php?rest_route=%2Fwp%2Fv2%2Ftags&post=3159"}],"curies":[{"name":"wp","href":"https:\/\/api.w.org\/{rel}","templated":true}]}}