{"id":3179,"date":"2014-10-06T00:05:34","date_gmt":"2014-10-06T00:05:34","guid":{"rendered":"http:\/\/piekarscy.com.pl\/?p=3179"},"modified":"2014-07-10T10:08:16","modified_gmt":"2014-07-10T10:08:16","slug":"chlopaki-z-saskiej-kepy","status":"publish","type":"post","link":"http:\/\/piekarscy.com.pl\/?p=3179","title":{"rendered":"Ch\u0142opaki z Saskiej K\u0119py"},"content":{"rendered":"<p>To Bogdan Szenk, syn siostry mojej prababci &#8211; Anieli z Przybytkowskich Szenkowej, a ten wy\u017cszy od niego facet to jego kuzyn Boles\u0142aw Szenk. Kim jest ma\u0142a dzidzia trzymana przez Bogdana nikt dzi\u015b nie wie, ale mo\u017ce znajd\u0105 si\u0119 tacy, kt\u00f3rzy rozpoznaj\u0105. \u00a0<a href=\"http:\/\/piekarscy.com.pl\/wp-content\/uploads\/2014\/07\/boguslaw-szenk.jpg\"><img loading=\"lazy\" decoding=\"async\" class=\"aligncenter size-medium wp-image-3089\" src=\"http:\/\/piekarscy.com.pl\/wp-content\/uploads\/2014\/07\/boguslaw-szenk-215x300.jpg\" alt=\"boguslaw szenk\" width=\"215\" height=\"300\" srcset=\"http:\/\/piekarscy.com.pl\/wp-content\/uploads\/2014\/07\/boguslaw-szenk-215x300.jpg 215w, http:\/\/piekarscy.com.pl\/wp-content\/uploads\/2014\/07\/boguslaw-szenk-736x1024.jpg 736w, http:\/\/piekarscy.com.pl\/wp-content\/uploads\/2014\/07\/boguslaw-szenk-624x867.jpg 624w, http:\/\/piekarscy.com.pl\/wp-content\/uploads\/2014\/07\/boguslaw-szenk.jpg 1383w\" sizes=\"auto, (max-width: 215px) 100vw, 215px\" \/><\/a> <a href=\"http:\/\/piekarscy.com.pl\/wp-content\/uploads\/2014\/07\/bogdan-szenk-z-boguslaw-szenk-syn-edwarda-szenka.jpg\"><img loading=\"lazy\" decoding=\"async\" class=\"aligncenter size-medium wp-image-3079\" src=\"http:\/\/piekarscy.com.pl\/wp-content\/uploads\/2014\/07\/bogdan-szenk-z-boguslaw-szenk-syn-edwarda-szenka-300x212.jpg\" alt=\"bogdan szenk z boguslaw szenk syn edwarda szenka\" width=\"300\" height=\"212\" srcset=\"http:\/\/piekarscy.com.pl\/wp-content\/uploads\/2014\/07\/bogdan-szenk-z-boguslaw-szenk-syn-edwarda-szenka-300x212.jpg 300w, http:\/\/piekarscy.com.pl\/wp-content\/uploads\/2014\/07\/bogdan-szenk-z-boguslaw-szenk-syn-edwarda-szenka-1024x725.jpg 1024w, http:\/\/piekarscy.com.pl\/wp-content\/uploads\/2014\/07\/bogdan-szenk-z-boguslaw-szenk-syn-edwarda-szenka-624x442.jpg 624w, http:\/\/piekarscy.com.pl\/wp-content\/uploads\/2014\/07\/bogdan-szenk-z-boguslaw-szenk-syn-edwarda-szenka.jpg 1993w\" sizes=\"auto, (max-width: 300px) 100vw, 300px\" \/><\/a> <a href=\"http:\/\/piekarscy.com.pl\/wp-content\/uploads\/2014\/07\/bogdan-szenk7.jpg\"><img loading=\"lazy\" decoding=\"async\" class=\"aligncenter size-medium wp-image-3088\" src=\"http:\/\/piekarscy.com.pl\/wp-content\/uploads\/2014\/07\/bogdan-szenk7-219x300.jpg\" alt=\"bogdan szenk7\" width=\"219\" height=\"300\" srcset=\"http:\/\/piekarscy.com.pl\/wp-content\/uploads\/2014\/07\/bogdan-szenk7-219x300.jpg 219w, http:\/\/piekarscy.com.pl\/wp-content\/uploads\/2014\/07\/bogdan-szenk7-749x1024.jpg 749w, http:\/\/piekarscy.com.pl\/wp-content\/uploads\/2014\/07\/bogdan-szenk7-624x852.jpg 624w, http:\/\/piekarscy.com.pl\/wp-content\/uploads\/2014\/07\/bogdan-szenk7.jpg 1435w\" sizes=\"auto, (max-width: 219px) 100vw, 219px\" \/><\/a> <a href=\"http:\/\/piekarscy.com.pl\/wp-content\/uploads\/2014\/07\/bogdan-szenk-z-kims.jpg\"><img loading=\"lazy\" decoding=\"async\" class=\"aligncenter size-medium wp-image-3080\" src=\"http:\/\/piekarscy.com.pl\/wp-content\/uploads\/2014\/07\/bogdan-szenk-z-kims-213x300.jpg\" alt=\"bogdan szenk z kims\" width=\"213\" height=\"300\" srcset=\"http:\/\/piekarscy.com.pl\/wp-content\/uploads\/2014\/07\/bogdan-szenk-z-kims-213x300.jpg 213w, http:\/\/piekarscy.com.pl\/wp-content\/uploads\/2014\/07\/bogdan-szenk-z-kims-727x1024.jpg 727w, http:\/\/piekarscy.com.pl\/wp-content\/uploads\/2014\/07\/bogdan-szenk-z-kims-624x878.jpg 624w, http:\/\/piekarscy.com.pl\/wp-content\/uploads\/2014\/07\/bogdan-szenk-z-kims.jpg 1471w\" sizes=\"auto, (max-width: 213px) 100vw, 213px\" \/><\/a> <a href=\"http:\/\/piekarscy.com.pl\/wp-content\/uploads\/2014\/07\/bogdan-szenk6.jpg\"><img loading=\"lazy\" decoding=\"async\" class=\"aligncenter size-medium wp-image-3087\" src=\"http:\/\/piekarscy.com.pl\/wp-content\/uploads\/2014\/07\/bogdan-szenk6-300x216.jpg\" alt=\"bogdan szenk6\" width=\"300\" height=\"216\" srcset=\"http:\/\/piekarscy.com.pl\/wp-content\/uploads\/2014\/07\/bogdan-szenk6-300x216.jpg 300w, http:\/\/piekarscy.com.pl\/wp-content\/uploads\/2014\/07\/bogdan-szenk6-1024x739.jpg 1024w, http:\/\/piekarscy.com.pl\/wp-content\/uploads\/2014\/07\/bogdan-szenk6-624x450.jpg 624w, http:\/\/piekarscy.com.pl\/wp-content\/uploads\/2014\/07\/bogdan-szenk6.jpg 1959w\" sizes=\"auto, (max-width: 300px) 100vw, 300px\" \/><\/a> <a href=\"http:\/\/piekarscy.com.pl\/wp-content\/uploads\/2014\/07\/bogdan-szenk5.jpg\"><img loading=\"lazy\" decoding=\"async\" class=\"aligncenter size-medium wp-image-3086\" src=\"http:\/\/piekarscy.com.pl\/wp-content\/uploads\/2014\/07\/bogdan-szenk5-300x209.jpg\" alt=\"bogdan szenk5\" width=\"300\" height=\"209\" srcset=\"http:\/\/piekarscy.com.pl\/wp-content\/uploads\/2014\/07\/bogdan-szenk5-300x209.jpg 300w, http:\/\/piekarscy.com.pl\/wp-content\/uploads\/2014\/07\/bogdan-szenk5-1024x713.jpg 1024w, http:\/\/piekarscy.com.pl\/wp-content\/uploads\/2014\/07\/bogdan-szenk5-624x434.jpg 624w, http:\/\/piekarscy.com.pl\/wp-content\/uploads\/2014\/07\/bogdan-szenk5.jpg 1988w\" sizes=\"auto, (max-width: 300px) 100vw, 300px\" \/><\/a><\/p>\n","protected":false},"excerpt":{"rendered":"<p>To Bogdan Szenk, syn siostry mojej prababci &#8211; Anieli z Przybytkowskich Szenkowej, a ten wy\u017cszy od niego facet to jego kuzyn Boles\u0142aw Szenk. Kim jest ma\u0142a dzidzia trzymana przez Bogdana nikt dzi\u015b nie wie, ale mo\u017ce znajd\u0105 si\u0119 tacy, kt\u00f3rzy rozpoznaj\u0105. \u00a0<\/p>\n","protected":false},"author":1,"featured_media":0,"comment_status":"closed","ping_status":"closed","sticky":false,"template":"","format":"standard","meta":{"footnotes":""},"categories":[15],"tags":[420,421,102,416],"class_list":["post-3179","post","type-post","status-publish","format-standard","hentry","category-szenk","tag-bogdan-szenk","tag-boleslaw-szenk","tag-fotografia","tag-saska-kepa"],"_links":{"self":[{"href":"http:\/\/piekarscy.com.pl\/index.php?rest_route=\/wp\/v2\/posts\/3179","targetHints":{"allow":["GET"]}}],"collection":[{"href":"http:\/\/piekarscy.com.pl\/index.php?rest_route=\/wp\/v2\/posts"}],"about":[{"href":"http:\/\/piekarscy.com.pl\/index.php?rest_route=\/wp\/v2\/types\/post"}],"author":[{"embeddable":true,"href":"http:\/\/piekarscy.com.pl\/index.php?rest_route=\/wp\/v2\/users\/1"}],"replies":[{"embeddable":true,"href":"http:\/\/piekarscy.com.pl\/index.php?rest_route=%2Fwp%2Fv2%2Fcomments&post=3179"}],"version-history":[{"count":1,"href":"http:\/\/piekarscy.com.pl\/index.php?rest_route=\/wp\/v2\/posts\/3179\/revisions"}],"predecessor-version":[{"id":3180,"href":"http:\/\/piekarscy.com.pl\/index.php?rest_route=\/wp\/v2\/posts\/3179\/revisions\/3180"}],"wp:attachment":[{"href":"http:\/\/piekarscy.com.pl\/index.php?rest_route=%2Fwp%2Fv2%2Fmedia&parent=3179"}],"wp:term":[{"taxonomy":"category","embeddable":true,"href":"http:\/\/piekarscy.com.pl\/index.php?rest_route=%2Fwp%2Fv2%2Fcategories&post=3179"},{"taxonomy":"post_tag","embeddable":true,"href":"http:\/\/piekarscy.com.pl\/index.php?rest_route=%2Fwp%2Fv2%2Ftags&post=3179"}],"curies":[{"name":"wp","href":"https:\/\/api.w.org\/{rel}","templated":true}]}}