{"id":3199,"date":"2014-10-17T00:07:41","date_gmt":"2014-10-17T00:07:41","guid":{"rendered":"http:\/\/piekarscy.com.pl\/?p=3199"},"modified":"2014-07-10T11:10:28","modified_gmt":"2014-07-10T11:10:28","slug":"aniela-z-mamusia","status":"publish","type":"post","link":"http:\/\/piekarscy.com.pl\/?p=3199","title":{"rendered":"Aniela z mamusi\u0105"},"content":{"rendered":"<p>Aniela Przybytkowska (p\u00f3\u017aniej Szenk) z matk\u0105 Ann\u0105 z Neumann\u00f3w &#8211; pani\u0105 na Saskiej K\u0119pie. \ud83d\ude09<a href=\"http:\/\/piekarscy.com.pl\/wp-content\/uploads\/2014\/07\/aniela-przybytkowska-z-mama-anna.jpg\"><img loading=\"lazy\" decoding=\"async\" class=\"aligncenter size-medium wp-image-3071\" src=\"http:\/\/piekarscy.com.pl\/wp-content\/uploads\/2014\/07\/aniela-przybytkowska-z-mama-anna-201x300.jpg\" alt=\"aniela przybytkowska z mama anna\" width=\"201\" height=\"300\" srcset=\"http:\/\/piekarscy.com.pl\/wp-content\/uploads\/2014\/07\/aniela-przybytkowska-z-mama-anna-201x300.jpg 201w, http:\/\/piekarscy.com.pl\/wp-content\/uploads\/2014\/07\/aniela-przybytkowska-z-mama-anna-689x1024.jpg 689w, http:\/\/piekarscy.com.pl\/wp-content\/uploads\/2014\/07\/aniela-przybytkowska-z-mama-anna-624x927.jpg 624w\" sizes=\"auto, (max-width: 201px) 100vw, 201px\" \/><\/a><\/p>\n","protected":false},"excerpt":{"rendered":"<p>Aniela Przybytkowska (p\u00f3\u017aniej Szenk) z matk\u0105 Ann\u0105 z Neumann\u00f3w &#8211; pani\u0105 na Saskiej K\u0119pie. \ud83d\ude09<\/p>\n","protected":false},"author":1,"featured_media":0,"comment_status":"closed","ping_status":"closed","sticky":false,"template":"","format":"standard","meta":{"footnotes":""},"categories":[14,7,15],"tags":[413,423,424,53,123,102],"class_list":["post-3199","post","type-post","status-publish","format-standard","hentry","category-neumann","category-przybytkowscy","category-szenk","tag-aniela-przybytkowska","tag-aniela-szenk","tag-aniela-z-przybytkowskich-szenk","tag-anna-klotylda-neumann","tag-anna-z-neumannow-przybytkowska","tag-fotografia"],"_links":{"self":[{"href":"http:\/\/piekarscy.com.pl\/index.php?rest_route=\/wp\/v2\/posts\/3199","targetHints":{"allow":["GET"]}}],"collection":[{"href":"http:\/\/piekarscy.com.pl\/index.php?rest_route=\/wp\/v2\/posts"}],"about":[{"href":"http:\/\/piekarscy.com.pl\/index.php?rest_route=\/wp\/v2\/types\/post"}],"author":[{"embeddable":true,"href":"http:\/\/piekarscy.com.pl\/index.php?rest_route=\/wp\/v2\/users\/1"}],"replies":[{"embeddable":true,"href":"http:\/\/piekarscy.com.pl\/index.php?rest_route=%2Fwp%2Fv2%2Fcomments&post=3199"}],"version-history":[{"count":2,"href":"http:\/\/piekarscy.com.pl\/index.php?rest_route=\/wp\/v2\/posts\/3199\/revisions"}],"predecessor-version":[{"id":3201,"href":"http:\/\/piekarscy.com.pl\/index.php?rest_route=\/wp\/v2\/posts\/3199\/revisions\/3201"}],"wp:attachment":[{"href":"http:\/\/piekarscy.com.pl\/index.php?rest_route=%2Fwp%2Fv2%2Fmedia&parent=3199"}],"wp:term":[{"taxonomy":"category","embeddable":true,"href":"http:\/\/piekarscy.com.pl\/index.php?rest_route=%2Fwp%2Fv2%2Fcategories&post=3199"},{"taxonomy":"post_tag","embeddable":true,"href":"http:\/\/piekarscy.com.pl\/index.php?rest_route=%2Fwp%2Fv2%2Ftags&post=3199"}],"curies":[{"name":"wp","href":"https:\/\/api.w.org\/{rel}","templated":true}]}}