{"id":3204,"date":"2014-10-20T00:17:29","date_gmt":"2014-10-20T00:17:29","guid":{"rendered":"http:\/\/piekarscy.com.pl\/?p=3204"},"modified":"2014-07-11T10:18:07","modified_gmt":"2014-07-11T10:18:07","slug":"slub-witolda-i-anieli","status":"publish","type":"post","link":"http:\/\/piekarscy.com.pl\/?p=3204","title":{"rendered":"\u015alub Witolda i Anieli"},"content":{"rendered":"<p>Szenkowie. Witold i Aniela z Przybytkowskich. Ona starsza od niego o 10 lat (moim zdaniem nie wida\u0107), a jednak&#8230; prze\u017cy\u0142a swojego m\u0119\u017ca. Tu ich akt \u015blubu i fotografia w \u015blubnych strojach.<br \/>\n<a href=\"http:\/\/piekarscy.com.pl\/wp-content\/uploads\/2014\/07\/swiadectwo-slubu-witolda-i-anieli.jpg\"><img loading=\"lazy\" decoding=\"async\" class=\"aligncenter size-medium wp-image-3137\" src=\"http:\/\/piekarscy.com.pl\/wp-content\/uploads\/2014\/07\/swiadectwo-slubu-witolda-i-anieli-300x246.jpg\" alt=\"swiadectwo slubu witolda i anieli\" width=\"300\" height=\"246\" srcset=\"http:\/\/piekarscy.com.pl\/wp-content\/uploads\/2014\/07\/swiadectwo-slubu-witolda-i-anieli-300x246.jpg 300w, http:\/\/piekarscy.com.pl\/wp-content\/uploads\/2014\/07\/swiadectwo-slubu-witolda-i-anieli-1024x840.jpg 1024w, http:\/\/piekarscy.com.pl\/wp-content\/uploads\/2014\/07\/swiadectwo-slubu-witolda-i-anieli-624x512.jpg 624w\" sizes=\"auto, (max-width: 300px) 100vw, 300px\" \/><\/a> <a href=\"http:\/\/piekarscy.com.pl\/wp-content\/uploads\/2014\/07\/aniela-i-witold-szenkowie.jpg\"><img loading=\"lazy\" decoding=\"async\" class=\"aligncenter size-medium wp-image-3069\" src=\"http:\/\/piekarscy.com.pl\/wp-content\/uploads\/2014\/07\/aniela-i-witold-szenkowie-180x300.jpg\" alt=\"aniela i witold szenkowie\" width=\"180\" height=\"300\" srcset=\"http:\/\/piekarscy.com.pl\/wp-content\/uploads\/2014\/07\/aniela-i-witold-szenkowie-180x300.jpg 180w, http:\/\/piekarscy.com.pl\/wp-content\/uploads\/2014\/07\/aniela-i-witold-szenkowie-617x1024.jpg 617w, http:\/\/piekarscy.com.pl\/wp-content\/uploads\/2014\/07\/aniela-i-witold-szenkowie-624x1035.jpg 624w, http:\/\/piekarscy.com.pl\/wp-content\/uploads\/2014\/07\/aniela-i-witold-szenkowie.jpg 1921w\" sizes=\"auto, (max-width: 180px) 100vw, 180px\" \/><\/a><\/p>\n<p><a href=\"http:\/\/piekarscy.com.pl\/wp-content\/uploads\/2014\/07\/aniela-i-witold-szenkowie-wizytowka.jpg\"><img loading=\"lazy\" decoding=\"async\" class=\"aligncenter size-medium wp-image-3070\" src=\"http:\/\/piekarscy.com.pl\/wp-content\/uploads\/2014\/07\/aniela-i-witold-szenkowie-wizytowka-300x149.jpg\" alt=\"aniela i witold szenkowie-wizytowka\" width=\"300\" height=\"149\" srcset=\"http:\/\/piekarscy.com.pl\/wp-content\/uploads\/2014\/07\/aniela-i-witold-szenkowie-wizytowka-300x149.jpg 300w, http:\/\/piekarscy.com.pl\/wp-content\/uploads\/2014\/07\/aniela-i-witold-szenkowie-wizytowka-1024x508.jpg 1024w, http:\/\/piekarscy.com.pl\/wp-content\/uploads\/2014\/07\/aniela-i-witold-szenkowie-wizytowka-624x309.jpg 624w\" sizes=\"auto, (max-width: 300px) 100vw, 300px\" \/><\/a><\/p>\n","protected":false},"excerpt":{"rendered":"<p>Szenkowie. Witold i Aniela z Przybytkowskich. Ona starsza od niego o 10 lat (moim zdaniem nie wida\u0107), a jednak&#8230; prze\u017cy\u0142a swojego m\u0119\u017ca. Tu ich akt \u015blubu i fotografia w \u015blubnych strojach.<\/p>\n","protected":false},"author":1,"featured_media":0,"comment_status":"closed","ping_status":"closed","sticky":false,"template":"","format":"standard","meta":{"footnotes":""},"categories":[7,15],"tags":[370,413,423,424,102,347,346],"class_list":["post-3204","post","type-post","status-publish","format-standard","hentry","category-przybytkowscy","category-szenk","tag-akt-slubu","tag-aniela-przybytkowska","tag-aniela-szenk","tag-aniela-z-przybytkowskich-szenk","tag-fotografia","tag-witold-ludwik-szenk","tag-witold-szenk"],"_links":{"self":[{"href":"http:\/\/piekarscy.com.pl\/index.php?rest_route=\/wp\/v2\/posts\/3204","targetHints":{"allow":["GET"]}}],"collection":[{"href":"http:\/\/piekarscy.com.pl\/index.php?rest_route=\/wp\/v2\/posts"}],"about":[{"href":"http:\/\/piekarscy.com.pl\/index.php?rest_route=\/wp\/v2\/types\/post"}],"author":[{"embeddable":true,"href":"http:\/\/piekarscy.com.pl\/index.php?rest_route=\/wp\/v2\/users\/1"}],"replies":[{"embeddable":true,"href":"http:\/\/piekarscy.com.pl\/index.php?rest_route=%2Fwp%2Fv2%2Fcomments&post=3204"}],"version-history":[{"count":2,"href":"http:\/\/piekarscy.com.pl\/index.php?rest_route=\/wp\/v2\/posts\/3204\/revisions"}],"predecessor-version":[{"id":3230,"href":"http:\/\/piekarscy.com.pl\/index.php?rest_route=\/wp\/v2\/posts\/3204\/revisions\/3230"}],"wp:attachment":[{"href":"http:\/\/piekarscy.com.pl\/index.php?rest_route=%2Fwp%2Fv2%2Fmedia&parent=3204"}],"wp:term":[{"taxonomy":"category","embeddable":true,"href":"http:\/\/piekarscy.com.pl\/index.php?rest_route=%2Fwp%2Fv2%2Fcategories&post=3204"},{"taxonomy":"post_tag","embeddable":true,"href":"http:\/\/piekarscy.com.pl\/index.php?rest_route=%2Fwp%2Fv2%2Ftags&post=3204"}],"curies":[{"name":"wp","href":"https:\/\/api.w.org\/{rel}","templated":true}]}}