{"id":3225,"date":"2014-10-23T00:08:32","date_gmt":"2014-10-23T00:08:32","guid":{"rendered":"http:\/\/piekarscy.com.pl\/?p=3225"},"modified":"2014-07-11T10:17:12","modified_gmt":"2014-07-11T10:17:12","slug":"moja-babcia-od-komunii","status":"publish","type":"post","link":"http:\/\/piekarscy.com.pl\/?p=3225","title":{"rendered":"Moja babcia od komunii"},"content":{"rendered":"<p>Moja babcia &#8211; Janina z Adamskich Piekarska u pierwszej komunii. Mia\u0142am w zbiorach tylko to\u00a0drugie zdj\u0119cie. Pierwsze dosta\u0142am od kuzyna, kt\u00f3ry nie wiedzia\u0142, kto jest na fotografii. Babci mama, a moja prababcia Leokadia Karolina z Przybytkowskich Adamska by\u0142a ewangeliczk\u0105. Pradziadek Antoni Adamski &#8211; katolikiem. Ich jedyne dziecko wychowano w wierze katolickiej.\u00a0<a href=\"http:\/\/piekarscy.com.pl\/wp-content\/uploads\/2014\/07\/janka-adamska.jpg\"><img loading=\"lazy\" decoding=\"async\" class=\"aligncenter size-medium wp-image-3096\" src=\"http:\/\/piekarscy.com.pl\/wp-content\/uploads\/2014\/07\/janka-adamska-201x300.jpg\" alt=\"janka adamska\" width=\"201\" height=\"300\" srcset=\"http:\/\/piekarscy.com.pl\/wp-content\/uploads\/2014\/07\/janka-adamska-201x300.jpg 201w, http:\/\/piekarscy.com.pl\/wp-content\/uploads\/2014\/07\/janka-adamska-686x1024.jpg 686w, http:\/\/piekarscy.com.pl\/wp-content\/uploads\/2014\/07\/janka-adamska-624x930.jpg 624w\" sizes=\"auto, (max-width: 201px) 100vw, 201px\" \/><\/a><a href=\"http:\/\/piekarscy.com.pl\/wp-content\/uploads\/2014\/07\/babciajanka.jpg\"><img loading=\"lazy\" decoding=\"async\" class=\"aligncenter size-medium wp-image-3228\" src=\"http:\/\/piekarscy.com.pl\/wp-content\/uploads\/2014\/07\/babciajanka-189x300.jpg\" alt=\"babciajanka\" width=\"189\" height=\"300\" srcset=\"http:\/\/piekarscy.com.pl\/wp-content\/uploads\/2014\/07\/babciajanka-189x300.jpg 189w, http:\/\/piekarscy.com.pl\/wp-content\/uploads\/2014\/07\/babciajanka-624x987.jpg 624w, http:\/\/piekarscy.com.pl\/wp-content\/uploads\/2014\/07\/babciajanka.jpg 630w\" sizes=\"auto, (max-width: 189px) 100vw, 189px\" \/><\/a><\/p>\n","protected":false},"excerpt":{"rendered":"<p>Moja babcia &#8211; Janina z Adamskich Piekarska u pierwszej komunii. Mia\u0142am w zbiorach tylko to\u00a0drugie zdj\u0119cie. Pierwsze dosta\u0142am od kuzyna, kt\u00f3ry nie wiedzia\u0142, kto jest na fotografii. Babci mama, a moja prababcia Leokadia Karolina z Przybytkowskich Adamska by\u0142a ewangeliczk\u0105. Pradziadek Antoni Adamski &#8211; katolikiem. Ich jedyne dziecko wychowano w wierze katolickiej.\u00a0<\/p>\n","protected":false},"author":1,"featured_media":0,"comment_status":"closed","ping_status":"closed","sticky":false,"template":"","format":"standard","meta":{"footnotes":""},"categories":[5,3,7],"tags":[433,22,24,23],"class_list":["post-3225","post","type-post","status-publish","format-standard","hentry","category-adamscy","category-piekarscy","category-przybytkowscy","tag-i","tag-janina-adamska","tag-janina-piekarska","tag-janina-z-adamskich-piekarska"],"_links":{"self":[{"href":"http:\/\/piekarscy.com.pl\/index.php?rest_route=\/wp\/v2\/posts\/3225","targetHints":{"allow":["GET"]}}],"collection":[{"href":"http:\/\/piekarscy.com.pl\/index.php?rest_route=\/wp\/v2\/posts"}],"about":[{"href":"http:\/\/piekarscy.com.pl\/index.php?rest_route=\/wp\/v2\/types\/post"}],"author":[{"embeddable":true,"href":"http:\/\/piekarscy.com.pl\/index.php?rest_route=\/wp\/v2\/users\/1"}],"replies":[{"embeddable":true,"href":"http:\/\/piekarscy.com.pl\/index.php?rest_route=%2Fwp%2Fv2%2Fcomments&post=3225"}],"version-history":[{"count":1,"href":"http:\/\/piekarscy.com.pl\/index.php?rest_route=\/wp\/v2\/posts\/3225\/revisions"}],"predecessor-version":[{"id":3229,"href":"http:\/\/piekarscy.com.pl\/index.php?rest_route=\/wp\/v2\/posts\/3225\/revisions\/3229"}],"wp:attachment":[{"href":"http:\/\/piekarscy.com.pl\/index.php?rest_route=%2Fwp%2Fv2%2Fmedia&parent=3225"}],"wp:term":[{"taxonomy":"category","embeddable":true,"href":"http:\/\/piekarscy.com.pl\/index.php?rest_route=%2Fwp%2Fv2%2Fcategories&post=3225"},{"taxonomy":"post_tag","embeddable":true,"href":"http:\/\/piekarscy.com.pl\/index.php?rest_route=%2Fwp%2Fv2%2Ftags&post=3225"}],"curies":[{"name":"wp","href":"https:\/\/api.w.org\/{rel}","templated":true}]}}