{"id":3231,"date":"2014-11-02T00:18:28","date_gmt":"2014-11-02T00:18:28","guid":{"rendered":"http:\/\/piekarscy.com.pl\/?p=3231"},"modified":"2014-07-11T10:25:44","modified_gmt":"2014-07-11T10:25:44","slug":"rodzinny-pogrzeb-sprzed-prawie-stu-lat","status":"publish","type":"post","link":"http:\/\/piekarscy.com.pl\/?p=3231","title":{"rendered":"Rodzinny pogrzeb sprzed prawie stu lat"},"content":{"rendered":"<p>Oto zdj\u0119cie z rodzinnego pogrzebu, prawdopodobnie z cmentarza Ewangelicko-Augsburskiego w Warszawie przy ul. M\u0142ynarskiej. kto zmar\u0142, kto idzie w kondukcie&#8230; nikt z rodziny nie jest pewien&#8230; Mo\u017ce to by\u0107 rodzina: Szenk\u00f3w, Wolfram\u00f3w, Neuman\u00f3w lub Jops\u00f3w&#8230;<\/p>\n<p><a href=\"http:\/\/piekarscy.com.pl\/wp-content\/uploads\/2014\/07\/pogrzeb.jpg\"><img loading=\"lazy\" decoding=\"async\" class=\"aligncenter size-medium wp-image-3128\" src=\"http:\/\/piekarscy.com.pl\/wp-content\/uploads\/2014\/07\/pogrzeb-300x185.jpg\" alt=\"pogrzeb\" width=\"300\" height=\"185\" srcset=\"http:\/\/piekarscy.com.pl\/wp-content\/uploads\/2014\/07\/pogrzeb-300x185.jpg 300w, http:\/\/piekarscy.com.pl\/wp-content\/uploads\/2014\/07\/pogrzeb-1024x633.jpg 1024w, http:\/\/piekarscy.com.pl\/wp-content\/uploads\/2014\/07\/pogrzeb-624x385.jpg 624w\" sizes=\"auto, (max-width: 300px) 100vw, 300px\" \/><\/a><\/p>\n","protected":false},"excerpt":{"rendered":"<p>Oto zdj\u0119cie z rodzinnego pogrzebu, prawdopodobnie z cmentarza Ewangelicko-Augsburskiego w Warszawie przy ul. M\u0142ynarskiej. kto zmar\u0142, kto idzie w kondukcie&#8230; nikt z rodziny nie jest pewien&#8230; Mo\u017ce to by\u0107 rodzina: Szenk\u00f3w, Wolfram\u00f3w, Neuman\u00f3w lub Jops\u00f3w&#8230;<\/p>\n","protected":false},"author":1,"featured_media":0,"comment_status":"closed","ping_status":"closed","sticky":false,"template":"","format":"standard","meta":{"footnotes":""},"categories":[401,14,15,16],"tags":[434,102,385],"class_list":["post-3231","post","type-post","status-publish","format-standard","hentry","category-jops","category-neumann","category-szenk","category-wolfram","tag-cmentarz-ewangelicko-augsburski","tag-fotografia","tag-pogrzeb"],"_links":{"self":[{"href":"http:\/\/piekarscy.com.pl\/index.php?rest_route=\/wp\/v2\/posts\/3231","targetHints":{"allow":["GET"]}}],"collection":[{"href":"http:\/\/piekarscy.com.pl\/index.php?rest_route=\/wp\/v2\/posts"}],"about":[{"href":"http:\/\/piekarscy.com.pl\/index.php?rest_route=\/wp\/v2\/types\/post"}],"author":[{"embeddable":true,"href":"http:\/\/piekarscy.com.pl\/index.php?rest_route=\/wp\/v2\/users\/1"}],"replies":[{"embeddable":true,"href":"http:\/\/piekarscy.com.pl\/index.php?rest_route=%2Fwp%2Fv2%2Fcomments&post=3231"}],"version-history":[{"count":1,"href":"http:\/\/piekarscy.com.pl\/index.php?rest_route=\/wp\/v2\/posts\/3231\/revisions"}],"predecessor-version":[{"id":3232,"href":"http:\/\/piekarscy.com.pl\/index.php?rest_route=\/wp\/v2\/posts\/3231\/revisions\/3232"}],"wp:attachment":[{"href":"http:\/\/piekarscy.com.pl\/index.php?rest_route=%2Fwp%2Fv2%2Fmedia&parent=3231"}],"wp:term":[{"taxonomy":"category","embeddable":true,"href":"http:\/\/piekarscy.com.pl\/index.php?rest_route=%2Fwp%2Fv2%2Fcategories&post=3231"},{"taxonomy":"post_tag","embeddable":true,"href":"http:\/\/piekarscy.com.pl\/index.php?rest_route=%2Fwp%2Fv2%2Ftags&post=3231"}],"curies":[{"name":"wp","href":"https:\/\/api.w.org\/{rel}","templated":true}]}}