{"id":3246,"date":"2015-03-11T00:54:45","date_gmt":"2015-03-11T00:54:45","guid":{"rendered":"http:\/\/piekarscy.com.pl\/?p=3246"},"modified":"2015-03-11T17:16:05","modified_gmt":"2015-03-11T17:16:05","slug":"akt-urodzenia-anieli","status":"publish","type":"post","link":"http:\/\/piekarscy.com.pl\/?p=3246","title":{"rendered":"Akt urodzenia Anieli"},"content":{"rendered":"<p>To akt urodzenia m\u0142odszej siostry mojej prababci Leokadii Karoliny z Przybytkowskich Adamskiej. Aniela wysz\u0142a potem za m\u0105\u017c za swojego kuzyna &#8211; m\u0142odszego o 10 lat Witolda Szenka.\u00a0<a href=\"http:\/\/piekarscy.com.pl\/wp-content\/uploads\/2014\/07\/swiadectwo-urodzenia-anieli-przybytkowskiej.jpg\"><img loading=\"lazy\" decoding=\"async\" class=\"aligncenter size-medium wp-image-3138\" src=\"http:\/\/piekarscy.com.pl\/wp-content\/uploads\/2014\/07\/swiadectwo-urodzenia-anieli-przybytkowskiej-300x205.jpg\" alt=\"swiadectwo urodzenia anieli przybytkowskiej\" width=\"300\" height=\"205\" srcset=\"http:\/\/piekarscy.com.pl\/wp-content\/uploads\/2014\/07\/swiadectwo-urodzenia-anieli-przybytkowskiej-300x205.jpg 300w, http:\/\/piekarscy.com.pl\/wp-content\/uploads\/2014\/07\/swiadectwo-urodzenia-anieli-przybytkowskiej-1024x700.jpg 1024w, http:\/\/piekarscy.com.pl\/wp-content\/uploads\/2014\/07\/swiadectwo-urodzenia-anieli-przybytkowskiej-624x426.jpg 624w\" sizes=\"auto, (max-width: 300px) 100vw, 300px\" \/><\/a><\/p>\n","protected":false},"excerpt":{"rendered":"<p>To akt urodzenia m\u0142odszej siostry mojej prababci Leokadii Karoliny z Przybytkowskich Adamskiej. Aniela wysz\u0142a potem za m\u0105\u017c za swojego kuzyna &#8211; m\u0142odszego o 10 lat Witolda Szenka.\u00a0<\/p>\n","protected":false},"author":1,"featured_media":0,"comment_status":"closed","ping_status":"closed","sticky":false,"template":"","format":"standard","meta":{"footnotes":""},"categories":[7,15],"tags":[96,413,423,424,80],"class_list":["post-3246","post","type-post","status-publish","format-standard","hentry","category-przybytkowscy","category-szenk","tag-akt-urodzenia","tag-aniela-przybytkowska","tag-aniela-szenk","tag-aniela-z-przybytkowskich-szenk","tag-dokument"],"_links":{"self":[{"href":"http:\/\/piekarscy.com.pl\/index.php?rest_route=\/wp\/v2\/posts\/3246","targetHints":{"allow":["GET"]}}],"collection":[{"href":"http:\/\/piekarscy.com.pl\/index.php?rest_route=\/wp\/v2\/posts"}],"about":[{"href":"http:\/\/piekarscy.com.pl\/index.php?rest_route=\/wp\/v2\/types\/post"}],"author":[{"embeddable":true,"href":"http:\/\/piekarscy.com.pl\/index.php?rest_route=\/wp\/v2\/users\/1"}],"replies":[{"embeddable":true,"href":"http:\/\/piekarscy.com.pl\/index.php?rest_route=%2Fwp%2Fv2%2Fcomments&post=3246"}],"version-history":[{"count":3,"href":"http:\/\/piekarscy.com.pl\/index.php?rest_route=\/wp\/v2\/posts\/3246\/revisions"}],"predecessor-version":[{"id":4363,"href":"http:\/\/piekarscy.com.pl\/index.php?rest_route=\/wp\/v2\/posts\/3246\/revisions\/4363"}],"wp:attachment":[{"href":"http:\/\/piekarscy.com.pl\/index.php?rest_route=%2Fwp%2Fv2%2Fmedia&parent=3246"}],"wp:term":[{"taxonomy":"category","embeddable":true,"href":"http:\/\/piekarscy.com.pl\/index.php?rest_route=%2Fwp%2Fv2%2Fcategories&post=3246"},{"taxonomy":"post_tag","embeddable":true,"href":"http:\/\/piekarscy.com.pl\/index.php?rest_route=%2Fwp%2Fv2%2Ftags&post=3246"}],"curies":[{"name":"wp","href":"https:\/\/api.w.org\/{rel}","templated":true}]}}