{"id":3328,"date":"2014-10-24T00:41:00","date_gmt":"2014-10-24T00:41:00","guid":{"rendered":"http:\/\/piekarscy.com.pl\/?p=3328"},"modified":"2014-07-22T07:53:43","modified_gmt":"2014-07-22T07:53:43","slug":"wujaszek-bogdan-szef-klubu-cytrynki","status":"publish","type":"post","link":"http:\/\/piekarscy.com.pl\/?p=3328","title":{"rendered":"Wujaszek Bogdan &#8211; szef klubu Cytrynki"},"content":{"rendered":"<p>Poni\u017cszy tekst zosta\u0142 najpierw opublikowany na portalu <a href=\"http:\/\/francuskie.pl\" target=\"_blank\">francuskie.pl<\/a> po\u015bwi\u0119conym w ca\u0142o\u015bci motoryzacji francuskiej.<\/p>\n<p><a href=\"http:\/\/piekarscy.com.pl\/wp-content\/uploads\/2014\/10\/bogdan-z-cytrynka.jpg\"><img loading=\"lazy\" decoding=\"async\" class=\"aligncenter size-medium wp-image-3333\" src=\"http:\/\/piekarscy.com.pl\/wp-content\/uploads\/2014\/10\/bogdan-z-cytrynka-300x216.jpg\" alt=\"bogdan-z-cytrynka\" width=\"300\" height=\"216\" srcset=\"http:\/\/piekarscy.com.pl\/wp-content\/uploads\/2014\/10\/bogdan-z-cytrynka-300x216.jpg 300w, http:\/\/piekarscy.com.pl\/wp-content\/uploads\/2014\/10\/bogdan-z-cytrynka-1024x737.jpg 1024w, http:\/\/piekarscy.com.pl\/wp-content\/uploads\/2014\/10\/bogdan-z-cytrynka-624x449.jpg 624w\" sizes=\"auto, (max-width: 300px) 100vw, 300px\" \/><\/a><\/p>\n<p><em>W PRL nawet jak si\u0119 mia\u0142o pieni\u0105dze, to kupno auta graniczy\u0142o z cudem. Trzeba by\u0142o mie\u0107 talon, albo okazj\u0119, albo znajomo\u015bci, albo szcz\u0119\u015bcie. W PRL samochody bowiem mieli nieliczni. Mi\u0119dzy innymi Bogdan Szenk, do kt\u00f3rego m\u00f3wi\u0142am wujku, cho\u0107 powinnam dziadku, bo by\u0142 tak naprawd\u0119 ciotecznym bratem mojej babci. Bogdan by\u0142 nie tylko w\u0142a\u015bcicielem samochodu, to jeszcze by\u0142o to auto zachodnie, a on dzia\u0142a\u0142 w automobilklubie i to, jako prezes.<\/em><br \/>\n<em>Wuj Bogdan Szenk, od kiedy si\u0119gam pami\u0119ci\u0105, kocha\u0142 samochody. Kocha\u0142 do tego stopnia, \u017ce po prostu musia\u0142 mie\u0107 auto. Patrz\u0105c na dzisiejsza Polsk\u0119 trudno wyobrazi\u0107 sobie, \u017ce jeszcze 50 lat temu rzadko, kto mia\u0142 w\u0142asny samoch\u00f3d. Wuj Bogdan jednak mia\u0142. Na pocz\u0105tku lat 60-tych kupi\u0142 z demobilu Citroena BL 11 rocznik podobno 1945 lub 1946.<\/em><br \/>\n<em>W ten spos\u00f3b sta\u0142 si\u0119 jednym z niewielu na w\u0142asnej ulicy ludzi, kt\u00f3rzy mogli poszczyci\u0107 si\u0119 w\u0142asnymi czterema k\u00f3\u0142kami.<\/em><br \/>\n<em>&#8211; Pocz\u0105tkowo o auto ci\u0105gle si\u0119 psu\u0142o \u2013 wspomina Olgierd, jego syn, a m\u00f3j kuzyn, kt\u00f3ry z dzieci\u0144stwa zapami\u0119ta\u0142, \u017ce wszystkie wyprawy citroenem poza miasto wi\u0105za\u0142y si\u0119 w pewnym momencie z widokiem ojca le\u017c\u0105cego pod stoj\u0105cym na poboczu drogi zepsutym samochodem. \u2013 By\u0142o przy nim wi\u0119cej roboty ni\u017c by\u0142 wart. Najbardziej m\u0119czy\u0142o odpalanie go na korbk\u0119.<\/em><br \/>\n<em>Ale\u2026 wuj Bogdan by\u0142 z wykszta\u0142cenia in\u017cynierem. Pracowa\u0142 w Centrum Bada\u0144 J\u0105drowych, kt\u00f3re pocz\u0105tkowo mie\u015bci\u0142o si\u0119 w Pa\u0142acu Kultury i Nauki, ale jak g\u0142osi stug\u0119bna plotka, kto\u015b potkn\u0105\u0142 si\u0119 kiedy\u015b nios\u0105c szklane fiolki z radioaktywn\u0105 substancj\u0105, st\u0142uk\u0142 je i Centrum przeniesiono pod Warszaw\u0119 do \u015awierku niedaleko Otwocka. W ka\u017cdym razie in\u017cynieryjna wiedza przydawa\u0142a si\u0119 wujkowi nie tylko do badan j\u0105drowych, ale i prac nad usprawnianiem ukochanego auta.<\/em><\/p>\n<p><a href=\"http:\/\/piekarscy.com.pl\/wp-content\/uploads\/2014\/10\/zlot-cytrynki1.jpg\"><img loading=\"lazy\" decoding=\"async\" class=\"aligncenter size-medium wp-image-3340\" src=\"http:\/\/piekarscy.com.pl\/wp-content\/uploads\/2014\/10\/zlot-cytrynki1-270x300.jpg\" alt=\"zlot-cytrynki1\" width=\"270\" height=\"300\" srcset=\"http:\/\/piekarscy.com.pl\/wp-content\/uploads\/2014\/10\/zlot-cytrynki1-270x300.jpg 270w, http:\/\/piekarscy.com.pl\/wp-content\/uploads\/2014\/10\/zlot-cytrynki1-924x1024.jpg 924w, http:\/\/piekarscy.com.pl\/wp-content\/uploads\/2014\/10\/zlot-cytrynki1-624x691.jpg 624w\" sizes=\"auto, (max-width: 270px) 100vw, 270px\" \/><\/a> <a href=\"http:\/\/piekarscy.com.pl\/wp-content\/uploads\/2014\/10\/zlot-cytrynki2.jpg\"><img loading=\"lazy\" decoding=\"async\" class=\"aligncenter size-medium wp-image-3341\" src=\"http:\/\/piekarscy.com.pl\/wp-content\/uploads\/2014\/10\/zlot-cytrynki2-300x240.jpg\" alt=\"zlot-cytrynki2\" width=\"300\" height=\"240\" srcset=\"http:\/\/piekarscy.com.pl\/wp-content\/uploads\/2014\/10\/zlot-cytrynki2-300x240.jpg 300w, http:\/\/piekarscy.com.pl\/wp-content\/uploads\/2014\/10\/zlot-cytrynki2-1024x820.jpg 1024w, http:\/\/piekarscy.com.pl\/wp-content\/uploads\/2014\/10\/zlot-cytrynki2-624x500.jpg 624w\" sizes=\"auto, (max-width: 300px) 100vw, 300px\" \/><\/a> <a href=\"http:\/\/piekarscy.com.pl\/wp-content\/uploads\/2014\/10\/zlot-cytrynki3.jpg\"><img loading=\"lazy\" decoding=\"async\" class=\"aligncenter size-medium wp-image-3342\" src=\"http:\/\/piekarscy.com.pl\/wp-content\/uploads\/2014\/10\/zlot-cytrynki3-300x240.jpg\" alt=\"zlot-cytrynki3\" width=\"300\" height=\"240\" srcset=\"http:\/\/piekarscy.com.pl\/wp-content\/uploads\/2014\/10\/zlot-cytrynki3-300x240.jpg 300w, http:\/\/piekarscy.com.pl\/wp-content\/uploads\/2014\/10\/zlot-cytrynki3-1024x819.jpg 1024w, http:\/\/piekarscy.com.pl\/wp-content\/uploads\/2014\/10\/zlot-cytrynki3-624x499.jpg 624w\" sizes=\"auto, (max-width: 300px) 100vw, 300px\" \/><\/a> <a href=\"http:\/\/piekarscy.com.pl\/wp-content\/uploads\/2014\/10\/zlot-cytrynki4.jpg\"><img loading=\"lazy\" decoding=\"async\" class=\"aligncenter size-medium wp-image-3343\" src=\"http:\/\/piekarscy.com.pl\/wp-content\/uploads\/2014\/10\/zlot-cytrynki4-300x282.jpg\" alt=\"zlot-cytrynki4\" width=\"300\" height=\"282\" srcset=\"http:\/\/piekarscy.com.pl\/wp-content\/uploads\/2014\/10\/zlot-cytrynki4-300x282.jpg 300w, http:\/\/piekarscy.com.pl\/wp-content\/uploads\/2014\/10\/zlot-cytrynki4-1024x965.jpg 1024w, http:\/\/piekarscy.com.pl\/wp-content\/uploads\/2014\/10\/zlot-cytrynki4-624x588.jpg 624w\" sizes=\"auto, (max-width: 300px) 100vw, 300px\" \/><\/a> <a href=\"http:\/\/piekarscy.com.pl\/wp-content\/uploads\/2014\/10\/zlot-cytrynki5.jpg\"><img loading=\"lazy\" decoding=\"async\" class=\"aligncenter size-medium wp-image-3344\" src=\"http:\/\/piekarscy.com.pl\/wp-content\/uploads\/2014\/10\/zlot-cytrynki5-300x221.jpg\" alt=\"zlot-cytrynki5\" width=\"300\" height=\"221\" srcset=\"http:\/\/piekarscy.com.pl\/wp-content\/uploads\/2014\/10\/zlot-cytrynki5-300x221.jpg 300w, http:\/\/piekarscy.com.pl\/wp-content\/uploads\/2014\/10\/zlot-cytrynki5-1024x755.jpg 1024w, http:\/\/piekarscy.com.pl\/wp-content\/uploads\/2014\/10\/zlot-cytrynki5-624x460.jpg 624w\" sizes=\"auto, (max-width: 300px) 100vw, 300px\" \/><\/a> <a href=\"http:\/\/piekarscy.com.pl\/wp-content\/uploads\/2014\/10\/zlot-cytrynki6.jpg\"><img loading=\"lazy\" decoding=\"async\" class=\"aligncenter size-medium wp-image-3345\" src=\"http:\/\/piekarscy.com.pl\/wp-content\/uploads\/2014\/10\/zlot-cytrynki6-277x300.jpg\" alt=\"zlot-cytrynki6\" width=\"277\" height=\"300\" srcset=\"http:\/\/piekarscy.com.pl\/wp-content\/uploads\/2014\/10\/zlot-cytrynki6-277x300.jpg 277w, http:\/\/piekarscy.com.pl\/wp-content\/uploads\/2014\/10\/zlot-cytrynki6-946x1024.jpg 946w, http:\/\/piekarscy.com.pl\/wp-content\/uploads\/2014\/10\/zlot-cytrynki6-624x675.jpg 624w\" sizes=\"auto, (max-width: 277px) 100vw, 277px\" \/><\/a> <a href=\"http:\/\/piekarscy.com.pl\/wp-content\/uploads\/2014\/10\/zlot-cytrynki7.jpg\"><img loading=\"lazy\" decoding=\"async\" class=\"aligncenter size-medium wp-image-3346\" src=\"http:\/\/piekarscy.com.pl\/wp-content\/uploads\/2014\/10\/zlot-cytrynki7-300x255.jpg\" alt=\"zlot-cytrynki7\" width=\"300\" height=\"255\" srcset=\"http:\/\/piekarscy.com.pl\/wp-content\/uploads\/2014\/10\/zlot-cytrynki7-300x255.jpg 300w, http:\/\/piekarscy.com.pl\/wp-content\/uploads\/2014\/10\/zlot-cytrynki7-1024x873.jpg 1024w, http:\/\/piekarscy.com.pl\/wp-content\/uploads\/2014\/10\/zlot-cytrynki7-624x532.jpg 624w\" sizes=\"auto, (max-width: 300px) 100vw, 300px\" \/><\/a> <a href=\"http:\/\/piekarscy.com.pl\/wp-content\/uploads\/2014\/10\/zlot-cytrynki8.jpg\"><img loading=\"lazy\" decoding=\"async\" class=\"aligncenter size-medium wp-image-3347\" src=\"http:\/\/piekarscy.com.pl\/wp-content\/uploads\/2014\/10\/zlot-cytrynki8-300x274.jpg\" alt=\"zlot-cytrynki8\" width=\"300\" height=\"274\" srcset=\"http:\/\/piekarscy.com.pl\/wp-content\/uploads\/2014\/10\/zlot-cytrynki8-300x274.jpg 300w, http:\/\/piekarscy.com.pl\/wp-content\/uploads\/2014\/10\/zlot-cytrynki8-1024x935.jpg 1024w, http:\/\/piekarscy.com.pl\/wp-content\/uploads\/2014\/10\/zlot-cytrynki8-624x569.jpg 624w\" sizes=\"auto, (max-width: 300px) 100vw, 300px\" \/><\/a> <a href=\"http:\/\/piekarscy.com.pl\/wp-content\/uploads\/2014\/10\/zlot-cytrynki9.jpg\"><img loading=\"lazy\" decoding=\"async\" class=\"aligncenter size-medium wp-image-3348\" src=\"http:\/\/piekarscy.com.pl\/wp-content\/uploads\/2014\/10\/zlot-cytrynki9-300x297.jpg\" alt=\"zlot-cytrynki9\" width=\"300\" height=\"297\" srcset=\"http:\/\/piekarscy.com.pl\/wp-content\/uploads\/2014\/10\/zlot-cytrynki9-300x297.jpg 300w, http:\/\/piekarscy.com.pl\/wp-content\/uploads\/2014\/10\/zlot-cytrynki9-1024x1014.jpg 1024w, http:\/\/piekarscy.com.pl\/wp-content\/uploads\/2014\/10\/zlot-cytrynki9-624x618.jpg 624w\" sizes=\"auto, (max-width: 300px) 100vw, 300px\" \/><\/a><em>&#8211; Ojciec ci\u0105gle tego Citroena przerabia\u0142 i reperowa\u0142 \u2013 wspomina Olgierd. \u2013 W warszawskim automobilklubie zawi\u0105za\u0142 ko\u0142o Citroena. Zrobi\u0142 to tak naprawd\u0119 po to, by \u0142atwiej sprowadza\u0107 do niego cz\u0119\u015bci. By\u0142 prezesem ko\u0142a Citroena, a wiceprezesem jego kolega z Falenicy.<\/em><br \/>\n<em>C\u00f3\u017c\u2026 wtedy o cz\u0119\u015bci do takich aut nie by\u0142o \u0142atwo. Wuj Bogdan w pewnym momencie nawet silnik sam remontowa\u0142. Ca\u0142e auto piel\u0119gnowa\u0142 za\u015b tak, \u017ce w ka\u017cdy remont anga\u017cowa\u0142 wszystkich domownik\u00f3w. Synowie np. pomagali w malowaniu auta! Pod koniec swego \u017cywota w rekach wujka w\u0142a\u015bciwie \u00f3w citroen wygl\u0105da\u0142, jakby by\u0142 ca\u0142kiem nowy. Nawet opony mia\u0142 sprowadzone z Francji oryginalne Dunlop. Jedyn\u0105 star\u0105 rzecz\u0105 w nim by\u0142y siedzenia. Olgierd do dzi\u015b wspomina, \u017ce bardzo niewygodne i porwane. Wujek my\u015bla\u0142 wprawdzie o tym, by przerzuci\u0107 do auta siedzenia z du\u017cego fiata, ale ostatecznie si\u0119 na to nie zdecydowa\u0142.<\/em><\/p>\n<p><a href=\"http:\/\/piekarscy.com.pl\/wp-content\/uploads\/2014\/10\/umowa-sprzedazy-cytrynki-bogdana.jpg\"><img loading=\"lazy\" decoding=\"async\" class=\"aligncenter size-medium wp-image-3337\" src=\"http:\/\/piekarscy.com.pl\/wp-content\/uploads\/2014\/10\/umowa-sprzedazy-cytrynki-bogdana-210x300.jpg\" alt=\"umowa-sprzedazy-cytrynki-bogdana\" width=\"210\" height=\"300\" srcset=\"http:\/\/piekarscy.com.pl\/wp-content\/uploads\/2014\/10\/umowa-sprzedazy-cytrynki-bogdana-210x300.jpg 210w, http:\/\/piekarscy.com.pl\/wp-content\/uploads\/2014\/10\/umowa-sprzedazy-cytrynki-bogdana-717x1024.jpg 717w, http:\/\/piekarscy.com.pl\/wp-content\/uploads\/2014\/10\/umowa-sprzedazy-cytrynki-bogdana-624x889.jpg 624w\" sizes=\"auto, (max-width: 210px) 100vw, 210px\" \/><\/a><\/p>\n<p><em>W 1974 roku wujek Citroena sprzeda\u0142, bo samoch\u00f3d pali\u0142 strasznie du\u017co benzyny (niebieskiej etyliny 78), a nadarzy\u0142a si\u0119 okazja, by kupi\u0107 malucha, czyli auto \u2013marzenie Kowalskiego. Auto, kt\u00f3re w por\u00f3wnaniu z citroenem nie pali\u0142o prawie nic. Samoch\u00f3d od wujka kupi\u0142 jaki\u015b napalony student i da\u0142 za niego, (podobno bez szemrania), 20 tysi\u0119cy z\u0142otych. W wujkowym archiwum po Citroenie zosta\u0142y zdj\u0119cia i dokumenty. Wiadomo z nich na przyk\u0142ad to, \u017ce sekcja Citroena Automobilklubu Warszawskiego spotyka\u0142a si\u0119 w trzeci poniedzia\u0142ek miesi\u0105ca\u2026<\/em><\/p>\n<p><a href=\"http:\/\/piekarscy.com.pl\/wp-content\/uploads\/2014\/10\/zebrania-kola-citroen.jpg\"><img loading=\"lazy\" decoding=\"async\" class=\"aligncenter size-medium wp-image-3338\" src=\"http:\/\/piekarscy.com.pl\/wp-content\/uploads\/2014\/10\/zebrania-kola-citroen-300x208.jpg\" alt=\"zebrania-kola-citroen\" width=\"300\" height=\"208\" srcset=\"http:\/\/piekarscy.com.pl\/wp-content\/uploads\/2014\/10\/zebrania-kola-citroen-300x208.jpg 300w, http:\/\/piekarscy.com.pl\/wp-content\/uploads\/2014\/10\/zebrania-kola-citroen-1024x711.jpg 1024w, http:\/\/piekarscy.com.pl\/wp-content\/uploads\/2014\/10\/zebrania-kola-citroen-624x433.jpg 624w\" sizes=\"auto, (max-width: 300px) 100vw, 300px\" \/><\/a> <a href=\"http:\/\/piekarscy.com.pl\/wp-content\/uploads\/2014\/10\/zebrania-kola-citroen2.jpg\"><img loading=\"lazy\" decoding=\"async\" class=\"aligncenter size-medium wp-image-3339\" src=\"http:\/\/piekarscy.com.pl\/wp-content\/uploads\/2014\/10\/zebrania-kola-citroen2-300x211.jpg\" alt=\"zebrania-kola-citroen2\" width=\"300\" height=\"211\" srcset=\"http:\/\/piekarscy.com.pl\/wp-content\/uploads\/2014\/10\/zebrania-kola-citroen2-300x211.jpg 300w, http:\/\/piekarscy.com.pl\/wp-content\/uploads\/2014\/10\/zebrania-kola-citroen2-1024x720.jpg 1024w, http:\/\/piekarscy.com.pl\/wp-content\/uploads\/2014\/10\/zebrania-kola-citroen2-624x439.jpg 624w\" sizes=\"auto, (max-width: 300px) 100vw, 300px\" \/><\/a><\/p>\n<p><a href=\"http:\/\/piekarscy.com.pl\/wp-content\/uploads\/2014\/10\/citroen-reczne-notatki.jpg\"><img loading=\"lazy\" decoding=\"async\" class=\"aligncenter size-medium wp-image-3334\" src=\"http:\/\/piekarscy.com.pl\/wp-content\/uploads\/2014\/10\/citroen-reczne-notatki-210x300.jpg\" alt=\"citroen-reczne-notatki\" width=\"210\" height=\"300\" srcset=\"http:\/\/piekarscy.com.pl\/wp-content\/uploads\/2014\/10\/citroen-reczne-notatki-210x300.jpg 210w, http:\/\/piekarscy.com.pl\/wp-content\/uploads\/2014\/10\/citroen-reczne-notatki-717x1024.jpg 717w, http:\/\/piekarscy.com.pl\/wp-content\/uploads\/2014\/10\/citroen-reczne-notatki-624x889.jpg 624w\" sizes=\"auto, (max-width: 210px) 100vw, 210px\" \/><\/a><br \/>\n<em>Zapraszam teraz w podr\u00f3\u017c w czasie. Prosz\u0119 zobaczy\u0107 dawne zloty mi\u0142o\u015bnik\u00f3w Citroena. Ogl\u0105daj\u0105c dokumenty prosz\u0119 wyobrazi\u0107 sobie te ministerialne gabinety, kt\u00f3rych w\u0142a\u015bciciele przerzucaj\u0105 setki pism od ludzi, pragn\u0105cych rozsta\u0107 si\u0119 ze starymi citroenami, fordami etc. i sta\u0107 si\u0119 posiadaczami\u2026 \u201ezaporo\u017cca\u201d. Prosz\u0119 wyobrazi\u0107 sobie tych ludzi, otwieraj\u0105cych listy z ministerstwa i znajduj\u0105cych tam odmow\u0119 przyznania talonu. Prosz\u0119 sobie wyobrazi\u0107 te rozpaczliwe pr\u00f3by szukania cz\u0119\u015bci i wielotygodniowe czekanie na nie z unieruchomionym autem. Brr\u2026<\/em><\/p>\n<p><a href=\"http:\/\/piekarscy.com.pl\/wp-content\/uploads\/2014\/10\/automobil-klub-do-ministra-w-sprawie-bogdana.jpg\"><img loading=\"lazy\" decoding=\"async\" class=\"aligncenter size-medium wp-image-3331\" src=\"http:\/\/piekarscy.com.pl\/wp-content\/uploads\/2014\/10\/automobil-klub-do-ministra-w-sprawie-bogdana-210x300.jpg\" alt=\"automobil-klub-do-ministra-w-sprawie-bogdana\" width=\"210\" height=\"300\" srcset=\"http:\/\/piekarscy.com.pl\/wp-content\/uploads\/2014\/10\/automobil-klub-do-ministra-w-sprawie-bogdana-210x300.jpg 210w, http:\/\/piekarscy.com.pl\/wp-content\/uploads\/2014\/10\/automobil-klub-do-ministra-w-sprawie-bogdana-719x1024.jpg 719w, http:\/\/piekarscy.com.pl\/wp-content\/uploads\/2014\/10\/automobil-klub-do-ministra-w-sprawie-bogdana-624x887.jpg 624w\" sizes=\"auto, (max-width: 210px) 100vw, 210px\" \/><\/a> <a href=\"http:\/\/piekarscy.com.pl\/wp-content\/uploads\/2014\/10\/automobil-klub-do-ministra-w-sprawie-bogdana2.jpg\"><img loading=\"lazy\" decoding=\"async\" class=\"aligncenter size-medium wp-image-3332\" src=\"http:\/\/piekarscy.com.pl\/wp-content\/uploads\/2014\/10\/automobil-klub-do-ministra-w-sprawie-bogdana2-210x300.jpg\" alt=\"automobil-klub-do-ministra-w-sprawie-bogdana2\" width=\"210\" height=\"300\" srcset=\"http:\/\/piekarscy.com.pl\/wp-content\/uploads\/2014\/10\/automobil-klub-do-ministra-w-sprawie-bogdana2-210x300.jpg 210w, http:\/\/piekarscy.com.pl\/wp-content\/uploads\/2014\/10\/automobil-klub-do-ministra-w-sprawie-bogdana2-717x1024.jpg 717w, http:\/\/piekarscy.com.pl\/wp-content\/uploads\/2014\/10\/automobil-klub-do-ministra-w-sprawie-bogdana2-624x889.jpg 624w\" sizes=\"auto, (max-width: 210px) 100vw, 210px\" \/><\/a> <a href=\"http:\/\/piekarscy.com.pl\/wp-content\/uploads\/2014\/10\/pismo-bogdana-do-ministerstwa.jpg\"><img loading=\"lazy\" decoding=\"async\" class=\"aligncenter size-medium wp-image-3335\" src=\"http:\/\/piekarscy.com.pl\/wp-content\/uploads\/2014\/10\/pismo-bogdana-do-ministerstwa-210x300.jpg\" alt=\"pismo-bogdana-do-ministerstwa\" width=\"210\" height=\"300\" srcset=\"http:\/\/piekarscy.com.pl\/wp-content\/uploads\/2014\/10\/pismo-bogdana-do-ministerstwa-210x300.jpg 210w, http:\/\/piekarscy.com.pl\/wp-content\/uploads\/2014\/10\/pismo-bogdana-do-ministerstwa-717x1024.jpg 717w, http:\/\/piekarscy.com.pl\/wp-content\/uploads\/2014\/10\/pismo-bogdana-do-ministerstwa-624x889.jpg 624w\" sizes=\"auto, (max-width: 210px) 100vw, 210px\" \/><\/a> <a href=\"http:\/\/piekarscy.com.pl\/wp-content\/uploads\/2014\/10\/pismo-z-ministerstwa-w-sprawie-samochodu-odmowne.jpg\"><img loading=\"lazy\" decoding=\"async\" class=\"aligncenter size-medium wp-image-3336\" src=\"http:\/\/piekarscy.com.pl\/wp-content\/uploads\/2014\/10\/pismo-z-ministerstwa-w-sprawie-samochodu-odmowne-300x204.jpg\" alt=\"pismo-z-ministerstwa-w-sprawie-samochodu-odmowne\" width=\"300\" height=\"204\" srcset=\"http:\/\/piekarscy.com.pl\/wp-content\/uploads\/2014\/10\/pismo-z-ministerstwa-w-sprawie-samochodu-odmowne-300x204.jpg 300w, http:\/\/piekarscy.com.pl\/wp-content\/uploads\/2014\/10\/pismo-z-ministerstwa-w-sprawie-samochodu-odmowne-1024x696.jpg 1024w, http:\/\/piekarscy.com.pl\/wp-content\/uploads\/2014\/10\/pismo-z-ministerstwa-w-sprawie-samochodu-odmowne-624x424.jpg 624w\" sizes=\"auto, (max-width: 300px) 100vw, 300px\" \/><\/a><\/p>\n","protected":false},"excerpt":{"rendered":"<p>Poni\u017cszy tekst zosta\u0142 najpierw opublikowany na portalu francuskie.pl po\u015bwi\u0119conym w ca\u0142o\u015bci motoryzacji francuskiej. W PRL nawet jak si\u0119 mia\u0142o pieni\u0105dze, to kupno auta graniczy\u0142o z cudem. Trzeba by\u0142o mie\u0107 talon, albo okazj\u0119, albo znajomo\u015bci, albo szcz\u0119\u015bcie. W PRL samochody bowiem mieli nieliczni. Mi\u0119dzy innymi Bogdan Szenk, do kt\u00f3rego m\u00f3wi\u0142am wujku, cho\u0107 powinnam dziadku, bo by\u0142 [&hellip;]<\/p>\n","protected":false},"author":1,"featured_media":0,"comment_status":"closed","ping_status":"closed","sticky":false,"template":"","format":"standard","meta":{"footnotes":""},"categories":[15],"tags":[436,420,437,438],"class_list":["post-3328","post","type-post","status-publish","format-standard","hentry","category-szenk","tag-automobilklub-warszawski","tag-bogdan-szenk","tag-citroen","tag-dokumenty"],"_links":{"self":[{"href":"http:\/\/piekarscy.com.pl\/index.php?rest_route=\/wp\/v2\/posts\/3328","targetHints":{"allow":["GET"]}}],"collection":[{"href":"http:\/\/piekarscy.com.pl\/index.php?rest_route=\/wp\/v2\/posts"}],"about":[{"href":"http:\/\/piekarscy.com.pl\/index.php?rest_route=\/wp\/v2\/types\/post"}],"author":[{"embeddable":true,"href":"http:\/\/piekarscy.com.pl\/index.php?rest_route=\/wp\/v2\/users\/1"}],"replies":[{"embeddable":true,"href":"http:\/\/piekarscy.com.pl\/index.php?rest_route=%2Fwp%2Fv2%2Fcomments&post=3328"}],"version-history":[{"count":3,"href":"http:\/\/piekarscy.com.pl\/index.php?rest_route=\/wp\/v2\/posts\/3328\/revisions"}],"predecessor-version":[{"id":3349,"href":"http:\/\/piekarscy.com.pl\/index.php?rest_route=\/wp\/v2\/posts\/3328\/revisions\/3349"}],"wp:attachment":[{"href":"http:\/\/piekarscy.com.pl\/index.php?rest_route=%2Fwp%2Fv2%2Fmedia&parent=3328"}],"wp:term":[{"taxonomy":"category","embeddable":true,"href":"http:\/\/piekarscy.com.pl\/index.php?rest_route=%2Fwp%2Fv2%2Fcategories&post=3328"},{"taxonomy":"post_tag","embeddable":true,"href":"http:\/\/piekarscy.com.pl\/index.php?rest_route=%2Fwp%2Fv2%2Ftags&post=3328"}],"curies":[{"name":"wp","href":"https:\/\/api.w.org\/{rel}","templated":true}]}}