{"id":3356,"date":"2014-10-19T00:36:37","date_gmt":"2014-10-19T00:36:37","guid":{"rendered":"http:\/\/piekarscy.com.pl\/?p=3356"},"modified":"2014-09-02T13:40:21","modified_gmt":"2014-09-02T13:40:21","slug":"nekrolog-hieronima","status":"publish","type":"post","link":"http:\/\/piekarscy.com.pl\/?p=3356","title":{"rendered":"Nekrolog Hieronima"},"content":{"rendered":"<p>W\u00a0Bibliotece Narodowej uda\u0142o mi si\u0119 uzyska\u0107 skan nekrologu brata mojej cztery razy Pra, czyli Joanny Ko\u015bciesza Nieszkowskiej &#8211; Hieronima Ko\u015bciesza Nieszkowskiego. To nekrolog z dn. 6 marca 1922 roku z Kurjera\u00a0Warszawskiego, z popo\u0142udniowego wydania. Nr 65. s. 6.<\/p>\n<p><a href=\"http:\/\/piekarscy.com.pl\/wp-content\/uploads\/2014\/09\/nekrolog-Hieronim.jpg\"><img loading=\"lazy\" decoding=\"async\" class=\"aligncenter size-medium wp-image-3357\" src=\"http:\/\/piekarscy.com.pl\/wp-content\/uploads\/2014\/09\/nekrolog-Hieronim-300x180.jpg\" alt=\"nekrolog Hieronim\" width=\"300\" height=\"180\" srcset=\"http:\/\/piekarscy.com.pl\/wp-content\/uploads\/2014\/09\/nekrolog-Hieronim-300x180.jpg 300w, http:\/\/piekarscy.com.pl\/wp-content\/uploads\/2014\/09\/nekrolog-Hieronim.jpg 583w\" sizes=\"auto, (max-width: 300px) 100vw, 300px\" \/><\/a><\/p>\n<p>&nbsp;<\/p>\n<p>&nbsp;<\/p>\n","protected":false},"excerpt":{"rendered":"<p>W\u00a0Bibliotece Narodowej uda\u0142o mi si\u0119 uzyska\u0107 skan nekrologu brata mojej cztery razy Pra, czyli Joanny Ko\u015bciesza Nieszkowskiej &#8211; Hieronima Ko\u015bciesza Nieszkowskiego. To nekrolog z dn. 6 marca 1922 roku z Kurjera\u00a0Warszawskiego, z popo\u0142udniowego wydania. Nr 65. s. 6. &nbsp; &nbsp;<\/p>\n","protected":false},"author":1,"featured_media":0,"comment_status":"closed","ping_status":"closed","sticky":false,"template":"","format":"standard","meta":{"footnotes":""},"categories":[200],"tags":[213,210,439,89],"class_list":["post-3356","post","type-post","status-publish","format-standard","hentry","category-nieszkowscy","tag-hieronim-nieszkowski","tag-joanna-nieszkowska","tag-kurjer-warszawski","tag-nekrolog"],"_links":{"self":[{"href":"http:\/\/piekarscy.com.pl\/index.php?rest_route=\/wp\/v2\/posts\/3356","targetHints":{"allow":["GET"]}}],"collection":[{"href":"http:\/\/piekarscy.com.pl\/index.php?rest_route=\/wp\/v2\/posts"}],"about":[{"href":"http:\/\/piekarscy.com.pl\/index.php?rest_route=\/wp\/v2\/types\/post"}],"author":[{"embeddable":true,"href":"http:\/\/piekarscy.com.pl\/index.php?rest_route=\/wp\/v2\/users\/1"}],"replies":[{"embeddable":true,"href":"http:\/\/piekarscy.com.pl\/index.php?rest_route=%2Fwp%2Fv2%2Fcomments&post=3356"}],"version-history":[{"count":1,"href":"http:\/\/piekarscy.com.pl\/index.php?rest_route=\/wp\/v2\/posts\/3356\/revisions"}],"predecessor-version":[{"id":3358,"href":"http:\/\/piekarscy.com.pl\/index.php?rest_route=\/wp\/v2\/posts\/3356\/revisions\/3358"}],"wp:attachment":[{"href":"http:\/\/piekarscy.com.pl\/index.php?rest_route=%2Fwp%2Fv2%2Fmedia&parent=3356"}],"wp:term":[{"taxonomy":"category","embeddable":true,"href":"http:\/\/piekarscy.com.pl\/index.php?rest_route=%2Fwp%2Fv2%2Fcategories&post=3356"},{"taxonomy":"post_tag","embeddable":true,"href":"http:\/\/piekarscy.com.pl\/index.php?rest_route=%2Fwp%2Fv2%2Ftags&post=3356"}],"curies":[{"name":"wp","href":"https:\/\/api.w.org\/{rel}","templated":true}]}}