{"id":3473,"date":"2014-11-18T00:22:43","date_gmt":"2014-11-18T00:22:43","guid":{"rendered":"http:\/\/piekarscy.com.pl\/?p=3473"},"modified":"2014-10-19T17:01:57","modified_gmt":"2014-10-19T17:01:57","slug":"legitymacje-prasowe-ludwika","status":"publish","type":"post","link":"http:\/\/piekarscy.com.pl\/?p=3473","title":{"rendered":"Legitymacje prasowe Ludwika"},"content":{"rendered":"<p>Pradziadek Ludwik Piekarski, cho\u0107 z zawodu by\u0142 in\u017cynierem wodoci\u0105gowcem, to czasem wsp\u00f3\u0142pracowa\u0142 z r\u00f3\u017cnymi gazetami i pisywa\u0142 do nich. Tu\u00a0jego legitymacje prasowe.<\/p>\n<p><a href=\"http:\/\/piekarscy.com.pl\/wp-content\/uploads\/2014\/10\/legitymacja-prasowa1.jpg\"><img loading=\"lazy\" decoding=\"async\" class=\"aligncenter size-medium wp-image-3474\" src=\"http:\/\/piekarscy.com.pl\/wp-content\/uploads\/2014\/10\/legitymacja-prasowa1-300x206.jpg\" alt=\"legitymacja prasowa1\" width=\"300\" height=\"206\" srcset=\"http:\/\/piekarscy.com.pl\/wp-content\/uploads\/2014\/10\/legitymacja-prasowa1-300x206.jpg 300w, http:\/\/piekarscy.com.pl\/wp-content\/uploads\/2014\/10\/legitymacja-prasowa1-1024x706.jpg 1024w, http:\/\/piekarscy.com.pl\/wp-content\/uploads\/2014\/10\/legitymacja-prasowa1-624x430.jpg 624w\" sizes=\"auto, (max-width: 300px) 100vw, 300px\" \/><\/a><a href=\"http:\/\/piekarscy.com.pl\/wp-content\/uploads\/2014\/11\/legitymacja-prasowa1a.jpg\"><img loading=\"lazy\" decoding=\"async\" class=\"aligncenter size-medium wp-image-3479\" src=\"http:\/\/piekarscy.com.pl\/wp-content\/uploads\/2014\/11\/legitymacja-prasowa1a-300x201.jpg\" alt=\"legitymacja prasowa1a\" width=\"300\" height=\"201\" srcset=\"http:\/\/piekarscy.com.pl\/wp-content\/uploads\/2014\/11\/legitymacja-prasowa1a-300x201.jpg 300w, http:\/\/piekarscy.com.pl\/wp-content\/uploads\/2014\/11\/legitymacja-prasowa1a-1024x688.jpg 1024w, http:\/\/piekarscy.com.pl\/wp-content\/uploads\/2014\/11\/legitymacja-prasowa1a-624x419.jpg 624w\" sizes=\"auto, (max-width: 300px) 100vw, 300px\" \/><\/a><\/p>\n<p><a href=\"http:\/\/piekarscy.com.pl\/wp-content\/uploads\/2014\/10\/legitymacja-prasowa2.jpg\"><img loading=\"lazy\" decoding=\"async\" class=\"aligncenter size-medium wp-image-3475\" src=\"http:\/\/piekarscy.com.pl\/wp-content\/uploads\/2014\/10\/legitymacja-prasowa2-300x206.jpg\" alt=\"legitymacja prasowa2\" width=\"300\" height=\"206\" srcset=\"http:\/\/piekarscy.com.pl\/wp-content\/uploads\/2014\/10\/legitymacja-prasowa2-300x206.jpg 300w, http:\/\/piekarscy.com.pl\/wp-content\/uploads\/2014\/10\/legitymacja-prasowa2-1024x704.jpg 1024w, http:\/\/piekarscy.com.pl\/wp-content\/uploads\/2014\/10\/legitymacja-prasowa2-624x429.jpg 624w\" sizes=\"auto, (max-width: 300px) 100vw, 300px\" \/><\/a><\/p>\n<p><a href=\"http:\/\/piekarscy.com.pl\/wp-content\/uploads\/2014\/11\/legitymacja-prasowa2a.jpg\"><img loading=\"lazy\" decoding=\"async\" class=\"aligncenter size-medium wp-image-3480\" src=\"http:\/\/piekarscy.com.pl\/wp-content\/uploads\/2014\/11\/legitymacja-prasowa2a-300x207.jpg\" alt=\"legitymacja prasowa2a\" width=\"300\" height=\"207\" srcset=\"http:\/\/piekarscy.com.pl\/wp-content\/uploads\/2014\/11\/legitymacja-prasowa2a-300x207.jpg 300w, http:\/\/piekarscy.com.pl\/wp-content\/uploads\/2014\/11\/legitymacja-prasowa2a-1024x706.jpg 1024w, http:\/\/piekarscy.com.pl\/wp-content\/uploads\/2014\/11\/legitymacja-prasowa2a-624x430.jpg 624w\" sizes=\"auto, (max-width: 300px) 100vw, 300px\" \/><\/a><\/p>\n<p>A to&#8230;\u00a0by\u0142o schowane razem z tamtymi legitymacjami&#8230; Podobno po turecku sprzed reformy &#8211; zaproszenie na herbatk\u0119. Zapraszaj\u0105 muzu\u0142manie z Baku na herbatk\u0119 w sobot\u0119!<\/p>\n<p><a href=\"http:\/\/piekarscy.com.pl\/wp-content\/uploads\/2014\/10\/legitymacja-prasowa3.jpg\"><img loading=\"lazy\" decoding=\"async\" class=\"aligncenter size-medium wp-image-3476\" src=\"http:\/\/piekarscy.com.pl\/wp-content\/uploads\/2014\/10\/legitymacja-prasowa3-300x184.jpg\" alt=\"legitymacja prasowa3\" width=\"300\" height=\"184\" srcset=\"http:\/\/piekarscy.com.pl\/wp-content\/uploads\/2014\/10\/legitymacja-prasowa3-300x184.jpg 300w, http:\/\/piekarscy.com.pl\/wp-content\/uploads\/2014\/10\/legitymacja-prasowa3-1024x630.jpg 1024w, http:\/\/piekarscy.com.pl\/wp-content\/uploads\/2014\/10\/legitymacja-prasowa3-624x384.jpg 624w\" sizes=\"auto, (max-width: 300px) 100vw, 300px\" \/><\/a><\/p>\n","protected":false},"excerpt":{"rendered":"<p>Pradziadek Ludwik Piekarski, cho\u0107 z zawodu by\u0142 in\u017cynierem wodoci\u0105gowcem, to czasem wsp\u00f3\u0142pracowa\u0142 z r\u00f3\u017cnymi gazetami i pisywa\u0142 do nich. Tu\u00a0jego legitymacje prasowe. A to&#8230;\u00a0by\u0142o schowane razem z tamtymi legitymacjami&#8230; Podobno po turecku sprzed reformy &#8211; zaproszenie na herbatk\u0119. Zapraszaj\u0105 muzu\u0142manie z Baku na herbatk\u0119 w sobot\u0119!<\/p>\n","protected":false},"author":1,"featured_media":0,"comment_status":"closed","ping_status":"closed","sticky":false,"template":"","format":"standard","meta":{"footnotes":""},"categories":[3],"tags":[429,32,29,39],"class_list":["post-3473","post","type-post","status-publish","format-standard","hentry","category-piekarscy","tag-legitymacja","tag-ludwik-piekarski","tag-ludwik-roch-piekarski","tag-ludwik-rola-piekarski"],"_links":{"self":[{"href":"http:\/\/piekarscy.com.pl\/index.php?rest_route=\/wp\/v2\/posts\/3473","targetHints":{"allow":["GET"]}}],"collection":[{"href":"http:\/\/piekarscy.com.pl\/index.php?rest_route=\/wp\/v2\/posts"}],"about":[{"href":"http:\/\/piekarscy.com.pl\/index.php?rest_route=\/wp\/v2\/types\/post"}],"author":[{"embeddable":true,"href":"http:\/\/piekarscy.com.pl\/index.php?rest_route=\/wp\/v2\/users\/1"}],"replies":[{"embeddable":true,"href":"http:\/\/piekarscy.com.pl\/index.php?rest_route=%2Fwp%2Fv2%2Fcomments&post=3473"}],"version-history":[{"count":6,"href":"http:\/\/piekarscy.com.pl\/index.php?rest_route=\/wp\/v2\/posts\/3473\/revisions"}],"predecessor-version":[{"id":3487,"href":"http:\/\/piekarscy.com.pl\/index.php?rest_route=\/wp\/v2\/posts\/3473\/revisions\/3487"}],"wp:attachment":[{"href":"http:\/\/piekarscy.com.pl\/index.php?rest_route=%2Fwp%2Fv2%2Fmedia&parent=3473"}],"wp:term":[{"taxonomy":"category","embeddable":true,"href":"http:\/\/piekarscy.com.pl\/index.php?rest_route=%2Fwp%2Fv2%2Fcategories&post=3473"},{"taxonomy":"post_tag","embeddable":true,"href":"http:\/\/piekarscy.com.pl\/index.php?rest_route=%2Fwp%2Fv2%2Ftags&post=3473"}],"curies":[{"name":"wp","href":"https:\/\/api.w.org\/{rel}","templated":true}]}}