{"id":3529,"date":"2014-11-25T00:12:59","date_gmt":"2014-11-25T00:12:59","guid":{"rendered":"http:\/\/piekarscy.com.pl\/?p=3529"},"modified":"2014-11-25T09:43:27","modified_gmt":"2014-11-25T09:43:27","slug":"ksiazeczka-pko-antka","status":"publish","type":"post","link":"http:\/\/piekarscy.com.pl\/?p=3529","title":{"rendered":"Ksi\u0105\u017ceczka PKO Antka"},"content":{"rendered":"<p>Ta ksi\u0105\u017ceczka PKO nale\u017ca\u0142a do mojego stryja Antoniego Piekarskiego. Stryj zgin\u0105\u0142 w Powstaniu Warszawskim. Mia\u0142 niespe\u0142na 16 lat&#8230;<a href=\"http:\/\/piekarscy.com.pl\/wp-content\/uploads\/2014\/10\/pko1.jpg\"><img loading=\"lazy\" decoding=\"async\" class=\"aligncenter size-medium wp-image-3530\" src=\"http:\/\/piekarscy.com.pl\/wp-content\/uploads\/2014\/10\/pko1-300x240.jpg\" alt=\"pko1\" width=\"300\" height=\"240\" srcset=\"http:\/\/piekarscy.com.pl\/wp-content\/uploads\/2014\/10\/pko1-300x240.jpg 300w, http:\/\/piekarscy.com.pl\/wp-content\/uploads\/2014\/10\/pko1-624x499.jpg 624w, http:\/\/piekarscy.com.pl\/wp-content\/uploads\/2014\/10\/pko1.jpg 960w\" sizes=\"auto, (max-width: 300px) 100vw, 300px\" \/><\/a> <a href=\"http:\/\/piekarscy.com.pl\/wp-content\/uploads\/2014\/10\/pko2.jpg\"><img loading=\"lazy\" decoding=\"async\" class=\"aligncenter size-medium wp-image-3531\" src=\"http:\/\/piekarscy.com.pl\/wp-content\/uploads\/2014\/10\/pko2-300x235.jpg\" alt=\"pko2\" width=\"300\" height=\"235\" srcset=\"http:\/\/piekarscy.com.pl\/wp-content\/uploads\/2014\/10\/pko2-300x235.jpg 300w, http:\/\/piekarscy.com.pl\/wp-content\/uploads\/2014\/10\/pko2-1024x805.jpg 1024w, http:\/\/piekarscy.com.pl\/wp-content\/uploads\/2014\/10\/pko2-624x490.jpg 624w\" sizes=\"auto, (max-width: 300px) 100vw, 300px\" \/><\/a> <a href=\"http:\/\/piekarscy.com.pl\/wp-content\/uploads\/2014\/10\/pko3.jpg\"><img loading=\"lazy\" decoding=\"async\" class=\"aligncenter size-medium wp-image-3532\" src=\"http:\/\/piekarscy.com.pl\/wp-content\/uploads\/2014\/10\/pko3-300x235.jpg\" alt=\"pko3\" width=\"300\" height=\"235\" srcset=\"http:\/\/piekarscy.com.pl\/wp-content\/uploads\/2014\/10\/pko3-300x235.jpg 300w, http:\/\/piekarscy.com.pl\/wp-content\/uploads\/2014\/10\/pko3-624x489.jpg 624w, http:\/\/piekarscy.com.pl\/wp-content\/uploads\/2014\/10\/pko3.jpg 980w\" sizes=\"auto, (max-width: 300px) 100vw, 300px\" \/><\/a> <a href=\"http:\/\/piekarscy.com.pl\/wp-content\/uploads\/2014\/10\/pko4.jpg\"><img loading=\"lazy\" decoding=\"async\" class=\"aligncenter size-medium wp-image-3533\" src=\"http:\/\/piekarscy.com.pl\/wp-content\/uploads\/2014\/10\/pko4-300x235.jpg\" alt=\"pko4\" width=\"300\" height=\"235\" srcset=\"http:\/\/piekarscy.com.pl\/wp-content\/uploads\/2014\/10\/pko4-300x235.jpg 300w, http:\/\/piekarscy.com.pl\/wp-content\/uploads\/2014\/10\/pko4-624x490.jpg 624w, http:\/\/piekarscy.com.pl\/wp-content\/uploads\/2014\/10\/pko4.jpg 978w\" sizes=\"auto, (max-width: 300px) 100vw, 300px\" \/><\/a> <a href=\"http:\/\/piekarscy.com.pl\/wp-content\/uploads\/2014\/10\/pko5.jpg\"><img loading=\"lazy\" decoding=\"async\" class=\"aligncenter size-medium wp-image-3534\" src=\"http:\/\/piekarscy.com.pl\/wp-content\/uploads\/2014\/10\/pko5-300x236.jpg\" alt=\"pko5\" width=\"300\" height=\"236\" srcset=\"http:\/\/piekarscy.com.pl\/wp-content\/uploads\/2014\/10\/pko5-300x236.jpg 300w, http:\/\/piekarscy.com.pl\/wp-content\/uploads\/2014\/10\/pko5-624x492.jpg 624w, http:\/\/piekarscy.com.pl\/wp-content\/uploads\/2014\/10\/pko5.jpg 973w\" sizes=\"auto, (max-width: 300px) 100vw, 300px\" \/><\/a><\/p>\n","protected":false},"excerpt":{"rendered":"<p>Ta ksi\u0105\u017ceczka PKO nale\u017ca\u0142a do mojego stryja Antoniego Piekarskiego. Stryj zgin\u0105\u0142 w Powstaniu Warszawskim. Mia\u0142 niespe\u0142na 16 lat&#8230;<\/p>\n","protected":false},"author":1,"featured_media":0,"comment_status":"closed","ping_status":"closed","sticky":false,"template":"","format":"standard","meta":{"footnotes":""},"categories":[3],"tags":[170,169,456],"class_list":["post-3529","post","type-post","status-publish","format-standard","hentry","category-piekarscy","tag-antoni-bronislaw-piekarski","tag-antoni-piekarski","tag-ksiazeczka-oszczednosciowa"],"_links":{"self":[{"href":"http:\/\/piekarscy.com.pl\/index.php?rest_route=\/wp\/v2\/posts\/3529","targetHints":{"allow":["GET"]}}],"collection":[{"href":"http:\/\/piekarscy.com.pl\/index.php?rest_route=\/wp\/v2\/posts"}],"about":[{"href":"http:\/\/piekarscy.com.pl\/index.php?rest_route=\/wp\/v2\/types\/post"}],"author":[{"embeddable":true,"href":"http:\/\/piekarscy.com.pl\/index.php?rest_route=\/wp\/v2\/users\/1"}],"replies":[{"embeddable":true,"href":"http:\/\/piekarscy.com.pl\/index.php?rest_route=%2Fwp%2Fv2%2Fcomments&post=3529"}],"version-history":[{"count":3,"href":"http:\/\/piekarscy.com.pl\/index.php?rest_route=\/wp\/v2\/posts\/3529\/revisions"}],"predecessor-version":[{"id":3615,"href":"http:\/\/piekarscy.com.pl\/index.php?rest_route=\/wp\/v2\/posts\/3529\/revisions\/3615"}],"wp:attachment":[{"href":"http:\/\/piekarscy.com.pl\/index.php?rest_route=%2Fwp%2Fv2%2Fmedia&parent=3529"}],"wp:term":[{"taxonomy":"category","embeddable":true,"href":"http:\/\/piekarscy.com.pl\/index.php?rest_route=%2Fwp%2Fv2%2Fcategories&post=3529"},{"taxonomy":"post_tag","embeddable":true,"href":"http:\/\/piekarscy.com.pl\/index.php?rest_route=%2Fwp%2Fv2%2Ftags&post=3529"}],"curies":[{"name":"wp","href":"https:\/\/api.w.org\/{rel}","templated":true}]}}