{"id":3562,"date":"2014-11-28T00:06:41","date_gmt":"2014-11-28T00:06:41","guid":{"rendered":"http:\/\/piekarscy.com.pl\/?p=3562"},"modified":"2014-10-26T16:31:27","modified_gmt":"2014-10-26T16:31:27","slug":"ankieta-do-londynu","status":"publish","type":"post","link":"http:\/\/piekarscy.com.pl\/?p=3562","title":{"rendered":"Ankieta do Londynu"},"content":{"rendered":"<p>Tata\u00a0stara\u0142 si\u0119 o przyznanie mojemu stryjowi Antkowi odznacze\u0144\u00a0Armii Krajowej. Po roku stryjowi po\u015bmiertnie przyznano taki krzy\u017c. Tu kopia ankiety wys\u0142anej przez Ojca do Londynu.<\/p>\n<p><a href=\"http:\/\/piekarscy.com.pl\/wp-content\/uploads\/2014\/10\/ak-londyn1.jpg\"><img loading=\"lazy\" decoding=\"async\" class=\"aligncenter size-medium wp-image-3563\" src=\"http:\/\/piekarscy.com.pl\/wp-content\/uploads\/2014\/10\/ak-londyn1-210x300.jpg\" alt=\"ak londyn1\" width=\"210\" height=\"300\" srcset=\"http:\/\/piekarscy.com.pl\/wp-content\/uploads\/2014\/10\/ak-londyn1-210x300.jpg 210w, http:\/\/piekarscy.com.pl\/wp-content\/uploads\/2014\/10\/ak-londyn1-624x889.jpg 624w, http:\/\/piekarscy.com.pl\/wp-content\/uploads\/2014\/10\/ak-londyn1.jpg 718w\" sizes=\"auto, (max-width: 210px) 100vw, 210px\" \/><\/a> <a href=\"http:\/\/piekarscy.com.pl\/wp-content\/uploads\/2014\/10\/ak-londyn2.jpg\"><img loading=\"lazy\" decoding=\"async\" class=\"aligncenter size-medium wp-image-3564\" src=\"http:\/\/piekarscy.com.pl\/wp-content\/uploads\/2014\/10\/ak-londyn2-210x300.jpg\" alt=\"ak londyn2\" width=\"210\" height=\"300\" srcset=\"http:\/\/piekarscy.com.pl\/wp-content\/uploads\/2014\/10\/ak-londyn2-210x300.jpg 210w, http:\/\/piekarscy.com.pl\/wp-content\/uploads\/2014\/10\/ak-londyn2-624x889.jpg 624w, http:\/\/piekarscy.com.pl\/wp-content\/uploads\/2014\/10\/ak-londyn2.jpg 718w\" sizes=\"auto, (max-width: 210px) 100vw, 210px\" \/><\/a><\/p>\n<p><a href=\"http:\/\/piekarscy.com.pl\/wp-content\/uploads\/2014\/11\/komisja-weryfikacyjna.jpg\"><img loading=\"lazy\" decoding=\"async\" class=\"aligncenter size-medium wp-image-3568\" src=\"http:\/\/piekarscy.com.pl\/wp-content\/uploads\/2014\/11\/komisja-weryfikacyjna-300x94.jpg\" alt=\"komisja weryfikacyjna\" width=\"300\" height=\"94\" srcset=\"http:\/\/piekarscy.com.pl\/wp-content\/uploads\/2014\/11\/komisja-weryfikacyjna-300x94.jpg 300w, http:\/\/piekarscy.com.pl\/wp-content\/uploads\/2014\/11\/komisja-weryfikacyjna-624x196.jpg 624w, http:\/\/piekarscy.com.pl\/wp-content\/uploads\/2014\/11\/komisja-weryfikacyjna.jpg 1024w\" sizes=\"auto, (max-width: 300px) 100vw, 300px\" \/><\/a><\/p>\n","protected":false},"excerpt":{"rendered":"<p>Tata\u00a0stara\u0142 si\u0119 o przyznanie mojemu stryjowi Antkowi odznacze\u0144\u00a0Armii Krajowej. Po roku stryjowi po\u015bmiertnie przyznano taki krzy\u017c. Tu kopia ankiety wys\u0142anej przez Ojca do Londynu.<\/p>\n","protected":false},"author":1,"featured_media":0,"comment_status":"closed","ping_status":"closed","sticky":false,"template":"","format":"standard","meta":{"footnotes":""},"categories":[3],"tags":[170,169,458],"class_list":["post-3562","post","type-post","status-publish","format-standard","hentry","category-piekarscy","tag-antoni-bronislaw-piekarski","tag-antoni-piekarski","tag-armia-krajowa"],"_links":{"self":[{"href":"http:\/\/piekarscy.com.pl\/index.php?rest_route=\/wp\/v2\/posts\/3562","targetHints":{"allow":["GET"]}}],"collection":[{"href":"http:\/\/piekarscy.com.pl\/index.php?rest_route=\/wp\/v2\/posts"}],"about":[{"href":"http:\/\/piekarscy.com.pl\/index.php?rest_route=\/wp\/v2\/types\/post"}],"author":[{"embeddable":true,"href":"http:\/\/piekarscy.com.pl\/index.php?rest_route=\/wp\/v2\/users\/1"}],"replies":[{"embeddable":true,"href":"http:\/\/piekarscy.com.pl\/index.php?rest_route=%2Fwp%2Fv2%2Fcomments&post=3562"}],"version-history":[{"count":4,"href":"http:\/\/piekarscy.com.pl\/index.php?rest_route=\/wp\/v2\/posts\/3562\/revisions"}],"predecessor-version":[{"id":3569,"href":"http:\/\/piekarscy.com.pl\/index.php?rest_route=\/wp\/v2\/posts\/3562\/revisions\/3569"}],"wp:attachment":[{"href":"http:\/\/piekarscy.com.pl\/index.php?rest_route=%2Fwp%2Fv2%2Fmedia&parent=3562"}],"wp:term":[{"taxonomy":"category","embeddable":true,"href":"http:\/\/piekarscy.com.pl\/index.php?rest_route=%2Fwp%2Fv2%2Fcategories&post=3562"},{"taxonomy":"post_tag","embeddable":true,"href":"http:\/\/piekarscy.com.pl\/index.php?rest_route=%2Fwp%2Fv2%2Ftags&post=3562"}],"curies":[{"name":"wp","href":"https:\/\/api.w.org\/{rel}","templated":true}]}}