{"id":3700,"date":"2014-12-16T05:56:58","date_gmt":"2014-12-16T05:56:58","guid":{"rendered":"http:\/\/piekarscy.com.pl\/?p=3700"},"modified":"2014-12-16T06:08:11","modified_gmt":"2014-12-16T06:08:11","slug":"pamiatki-po-stanie-wojennym-cz-1","status":"publish","type":"post","link":"http:\/\/piekarscy.com.pl\/?p=3700","title":{"rendered":"Pami\u0105tki po kryzysie cz.1."},"content":{"rendered":"<p>To takie materialne nieprzyjemne wspomnienie z kryzysu&#8230; Sprawa kartek na jedzenie by\u0142a\u00a0przykra. Najgorzej wspominam brak czekolady i w og\u00f3le s\u0142odyczy. Gdy po p\u00f3\u0142 roku nie widzenia i nie jedzenia czekolady dostali\u015bmy paczk\u0119 z Niemiec, a tam 6 czekolad, od razu zjad\u0142am wszystkie 6. Tamto zatwardzenie wspominam, jako jedno z koszmarniejszych prze\u017cy\u0107.<\/p>\n<p><a href=\"http:\/\/piekarscy.com.pl\/wp-content\/uploads\/2014\/12\/karta-zaopatrzenia.jpg\"><img loading=\"lazy\" decoding=\"async\" class=\"aligncenter size-medium wp-image-3701\" src=\"http:\/\/piekarscy.com.pl\/wp-content\/uploads\/2014\/12\/karta-zaopatrzenia-262x300.jpg\" alt=\"karta zaopatrzenia\" width=\"262\" height=\"300\" srcset=\"http:\/\/piekarscy.com.pl\/wp-content\/uploads\/2014\/12\/karta-zaopatrzenia-262x300.jpg 262w, http:\/\/piekarscy.com.pl\/wp-content\/uploads\/2014\/12\/karta-zaopatrzenia.jpg 576w\" sizes=\"auto, (max-width: 262px) 100vw, 262px\" \/><\/a><\/p>\n","protected":false},"excerpt":{"rendered":"<p>To takie materialne nieprzyjemne wspomnienie z kryzysu&#8230; Sprawa kartek na jedzenie by\u0142a\u00a0przykra. Najgorzej wspominam brak czekolady i w og\u00f3le s\u0142odyczy. Gdy po p\u00f3\u0142 roku nie widzenia i nie jedzenia czekolady dostali\u015bmy paczk\u0119 z Niemiec, a tam 6 czekolad, od razu zjad\u0142am wszystkie 6. Tamto zatwardzenie wspominam, jako jedno z koszmarniejszych prze\u017cy\u0107.<\/p>\n","protected":false},"author":1,"featured_media":0,"comment_status":"closed","ping_status":"closed","sticky":false,"template":"","format":"standard","meta":{"footnotes":""},"categories":[3],"tags":[469,470,312],"class_list":["post-3700","post","type-post","status-publish","format-standard","hentry","category-piekarscy","tag-karta-zaopatrzenia","tag-kartka-zywnosciowa","tag-malgorzata-karolina-piekarska"],"_links":{"self":[{"href":"http:\/\/piekarscy.com.pl\/index.php?rest_route=\/wp\/v2\/posts\/3700","targetHints":{"allow":["GET"]}}],"collection":[{"href":"http:\/\/piekarscy.com.pl\/index.php?rest_route=\/wp\/v2\/posts"}],"about":[{"href":"http:\/\/piekarscy.com.pl\/index.php?rest_route=\/wp\/v2\/types\/post"}],"author":[{"embeddable":true,"href":"http:\/\/piekarscy.com.pl\/index.php?rest_route=\/wp\/v2\/users\/1"}],"replies":[{"embeddable":true,"href":"http:\/\/piekarscy.com.pl\/index.php?rest_route=%2Fwp%2Fv2%2Fcomments&post=3700"}],"version-history":[{"count":4,"href":"http:\/\/piekarscy.com.pl\/index.php?rest_route=\/wp\/v2\/posts\/3700\/revisions"}],"predecessor-version":[{"id":3705,"href":"http:\/\/piekarscy.com.pl\/index.php?rest_route=\/wp\/v2\/posts\/3700\/revisions\/3705"}],"wp:attachment":[{"href":"http:\/\/piekarscy.com.pl\/index.php?rest_route=%2Fwp%2Fv2%2Fmedia&parent=3700"}],"wp:term":[{"taxonomy":"category","embeddable":true,"href":"http:\/\/piekarscy.com.pl\/index.php?rest_route=%2Fwp%2Fv2%2Fcategories&post=3700"},{"taxonomy":"post_tag","embeddable":true,"href":"http:\/\/piekarscy.com.pl\/index.php?rest_route=%2Fwp%2Fv2%2Ftags&post=3700"}],"curies":[{"name":"wp","href":"https:\/\/api.w.org\/{rel}","templated":true}]}}