{"id":3706,"date":"2014-12-17T00:08:22","date_gmt":"2014-12-17T00:08:22","guid":{"rendered":"http:\/\/piekarscy.com.pl\/?p=3706"},"modified":"2014-12-16T06:28:55","modified_gmt":"2014-12-16T06:28:55","slug":"kartka-ze-stanu-wojennego","status":"publish","type":"post","link":"http:\/\/piekarscy.com.pl\/?p=3706","title":{"rendered":"Poczt\u00f3wka ze stanu wojennego"},"content":{"rendered":"<p>Poczt\u00f3wka\u00a0przys\u0142ana przez znajoma Ojca. Tata przygotowywa\u0142 dla TVP programy publicystyczne o II wojnie \u015bwiatowej. Jako cz\u0142onek rodziny zwi\u0105zanej z Armi\u0105 Krajow\u0105, uczestnik powstania Warszawskiego, mia\u0142 szerokie kontakty w\u015br\u00f3d kombatant\u00f3w. Wywiad z Pani\u0105 Halin\u0105 Surdyk-Brzozowsk\u0105 dla TVP zosta\u0142 nagrany w listopadzie 1981 roku. W grudniu genera\u0142 i reszta\u00a0zrobili, co zrobili. Wszystko si\u0119 zmieni\u0142o. Ojca najpierw wyrzucono z pracy, potem za spraw\u0105 poparcia genera\u0142a Jana Mazurkiewicza &#8222;Rados\u0142awa&#8221; (tego, kt\u00f3rego rondo jest na \u017boliborzu&#8221;) oraz gen. Edwina Roz\u0142ubirskiego (obu Ojciec zna\u0142 ze swojej dziennikarskiej wsp\u00f3\u0142pracy ze \u015brodowiskami kombatanckimi) Ojca do pracy\u00a0przywr\u00f3cono, ale w szybkim tempie zes\u0142ano &#8222;za kar\u0119&#8221; do Telewizyjnego Kuriera Warszawskiego&#8230; Kto\u015b z \u017cyczliwych s\u0105siad\u00f3w obrzuci\u0142 nam wtedy mieszkanie jajami. Ja strasznie p\u0142aka\u0142am. Mama zaciska\u0142a z\u0119by. Sama zosta\u0142a zmuszona do przej\u015bcia na wcze\u015bniejsz\u0105 emerytur\u0119.<\/p>\n<p>Wydaje mi si\u0119, \u017ce wywiad z pani\u0105 Halin\u0105 Surdyk Brzozowsk\u0105 nie ukaza\u0142 si\u0119 nigdy. Natomiast ju\u017c po okr\u0105g\u0142ym stole,\u00a0a dok\u0142adnie w 1995 ukaza\u0142 si\u0119 jej pami\u0119tnik sanitariuszki &#8222;Tylekro\u0107 serce&#8221;. Ojciec napisa\u0142 do niego przedmow\u0119, a promocja ksi\u0105\u017cki odby\u0142a si\u0119 w Muzeum Niepodleg\u0142o\u015bci. Po \u015bmierci Ojca dosta\u0142am od tyle lat starszej od niego pani Haliny niezwykle wzruszaj\u0105cy list&#8230; W\u0142a\u015bnie o Tacie. A to&#8230; ta &#8222;s\u0142ynna&#8221; kartka ze stanu wojennego. I obrazek i tre\u015b\u0107 m\u00f3wi\u0105 wszystko.<\/p>\n<p><a href=\"http:\/\/piekarscy.com.pl\/wp-content\/uploads\/2014\/12\/scan0012.jpg\"><img loading=\"lazy\" decoding=\"async\" class=\"aligncenter wp-image-3707 size-medium\" src=\"http:\/\/piekarscy.com.pl\/wp-content\/uploads\/2014\/12\/scan0012-e1418710946431-217x300.jpg\" alt=\"scan0012\" width=\"217\" height=\"300\" srcset=\"http:\/\/piekarscy.com.pl\/wp-content\/uploads\/2014\/12\/scan0012-e1418710946431-217x300.jpg 217w, http:\/\/piekarscy.com.pl\/wp-content\/uploads\/2014\/12\/scan0012-e1418710946431-742x1024.jpg 742w, http:\/\/piekarscy.com.pl\/wp-content\/uploads\/2014\/12\/scan0012-e1418710946431-624x860.jpg 624w, http:\/\/piekarscy.com.pl\/wp-content\/uploads\/2014\/12\/scan0012-e1418710946431.jpg 832w\" sizes=\"auto, (max-width: 217px) 100vw, 217px\" \/><\/a><\/p>\n<p><em>Jak\u017ce mi przykro &#8211; a jednak nie mog\u0119 si\u0119 zgodzi\u0107 na rozpowszechnianie moich wspomnie\u0144 przez TVP czy PR &#8211; w\u0142a\u015bnie teraz. Musimy czeka\u0107,\u00a0mamy w tym wieloletni\u0105 wpraw\u0119. Halina Surdyk-Brzozowska.\u00a0\u00a0<\/em><\/p>\n<div id=\"attachment_3708\" style=\"width: 310px\" class=\"wp-caption aligncenter\"><a href=\"http:\/\/piekarscy.com.pl\/wp-content\/uploads\/2014\/12\/scan0009.jpg\"><img loading=\"lazy\" decoding=\"async\" aria-describedby=\"caption-attachment-3708\" class=\"wp-image-3708 size-medium\" src=\"http:\/\/piekarscy.com.pl\/wp-content\/uploads\/2014\/12\/scan0009-300x217.jpg\" alt=\"scan0009\" width=\"300\" height=\"217\" srcset=\"http:\/\/piekarscy.com.pl\/wp-content\/uploads\/2014\/12\/scan0009-300x217.jpg 300w, http:\/\/piekarscy.com.pl\/wp-content\/uploads\/2014\/12\/scan0009-1024x743.jpg 1024w, http:\/\/piekarscy.com.pl\/wp-content\/uploads\/2014\/12\/scan0009-624x453.jpg 624w, http:\/\/piekarscy.com.pl\/wp-content\/uploads\/2014\/12\/scan0009.jpg 1146w\" sizes=\"auto, (max-width: 300px) 100vw, 300px\" \/><\/a><p id=\"caption-attachment-3708\" class=\"wp-caption-text\">Jacek Malczewski &#8211; &#8222;Wigilia na Syberii&#8221;<\/p><\/div>\n","protected":false},"excerpt":{"rendered":"<p>Poczt\u00f3wka\u00a0przys\u0142ana przez znajoma Ojca. Tata przygotowywa\u0142 dla TVP programy publicystyczne o II wojnie \u015bwiatowej. Jako cz\u0142onek rodziny zwi\u0105zanej z Armi\u0105 Krajow\u0105, uczestnik powstania Warszawskiego, mia\u0142 szerokie kontakty w\u015br\u00f3d kombatant\u00f3w. Wywiad z Pani\u0105 Halin\u0105 Surdyk-Brzozowsk\u0105 dla TVP zosta\u0142 nagrany w listopadzie 1981 roku. W grudniu genera\u0142 i reszta\u00a0zrobili, co zrobili. Wszystko si\u0119 zmieni\u0142o. Ojca najpierw wyrzucono [&hellip;]<\/p>\n","protected":false},"author":1,"featured_media":0,"comment_status":"closed","ping_status":"closed","sticky":false,"template":"","format":"standard","meta":{"footnotes":""},"categories":[3],"tags":[471,139,472],"class_list":["post-3706","post","type-post","status-publish","format-standard","hentry","category-piekarscy","tag-kartka","tag-maciej-piekarski","tag-tvp"],"_links":{"self":[{"href":"http:\/\/piekarscy.com.pl\/index.php?rest_route=\/wp\/v2\/posts\/3706","targetHints":{"allow":["GET"]}}],"collection":[{"href":"http:\/\/piekarscy.com.pl\/index.php?rest_route=\/wp\/v2\/posts"}],"about":[{"href":"http:\/\/piekarscy.com.pl\/index.php?rest_route=\/wp\/v2\/types\/post"}],"author":[{"embeddable":true,"href":"http:\/\/piekarscy.com.pl\/index.php?rest_route=\/wp\/v2\/users\/1"}],"replies":[{"embeddable":true,"href":"http:\/\/piekarscy.com.pl\/index.php?rest_route=%2Fwp%2Fv2%2Fcomments&post=3706"}],"version-history":[{"count":5,"href":"http:\/\/piekarscy.com.pl\/index.php?rest_route=\/wp\/v2\/posts\/3706\/revisions"}],"predecessor-version":[{"id":3713,"href":"http:\/\/piekarscy.com.pl\/index.php?rest_route=\/wp\/v2\/posts\/3706\/revisions\/3713"}],"wp:attachment":[{"href":"http:\/\/piekarscy.com.pl\/index.php?rest_route=%2Fwp%2Fv2%2Fmedia&parent=3706"}],"wp:term":[{"taxonomy":"category","embeddable":true,"href":"http:\/\/piekarscy.com.pl\/index.php?rest_route=%2Fwp%2Fv2%2Fcategories&post=3706"},{"taxonomy":"post_tag","embeddable":true,"href":"http:\/\/piekarscy.com.pl\/index.php?rest_route=%2Fwp%2Fv2%2Ftags&post=3706"}],"curies":[{"name":"wp","href":"https:\/\/api.w.org\/{rel}","templated":true}]}}