{"id":3812,"date":"2014-12-31T00:35:53","date_gmt":"2014-12-31T00:35:53","guid":{"rendered":"http:\/\/piekarscy.com.pl\/?p=3812"},"modified":"2014-12-31T07:44:46","modified_gmt":"2014-12-31T07:44:46","slug":"kartka-od-kolegi-ze-studiow","status":"publish","type":"post","link":"http:\/\/piekarscy.com.pl\/?p=3812","title":{"rendered":"Kartka od kolegi ze studi\u00f3w"},"content":{"rendered":"<p>List kolegi ze studi\u00f3w Stanis\u0142awa Michalczuka. Tak zwane &#8222;sprawy s\u0142u\u017cbowe&#8221;.<br \/>\nZ c\u00f3rk\u0105 i synem tego\u017c kolegi wyl\u0105dowa\u0142am jako dziecko na koloniach w Rabce. Bo \u015bwiat jest bardzo ma\u0142y.<\/p>\n<p><del><a href=\"http:\/\/piekarscy.com.pl\/wp-content\/uploads\/2014\/12\/list-michalczuk-2.jpg\"><img loading=\"lazy\" decoding=\"async\" class=\"aligncenter size-medium wp-image-3814\" src=\"http:\/\/piekarscy.com.pl\/wp-content\/uploads\/2014\/12\/list-michalczuk-2-300x208.jpg\" alt=\"list michalczuk 2\" width=\"300\" height=\"208\" srcset=\"http:\/\/piekarscy.com.pl\/wp-content\/uploads\/2014\/12\/list-michalczuk-2-300x208.jpg 300w, http:\/\/piekarscy.com.pl\/wp-content\/uploads\/2014\/12\/list-michalczuk-2.jpg 1024w, http:\/\/piekarscy.com.pl\/wp-content\/uploads\/2014\/12\/list-michalczuk-2-624x432.jpg 624w\" sizes=\"auto, (max-width: 300px) 100vw, 300px\" \/><\/a> <a href=\"http:\/\/piekarscy.com.pl\/wp-content\/uploads\/2014\/12\/list-michalczuk-1.jpg\"><img loading=\"lazy\" decoding=\"async\" class=\"aligncenter size-medium wp-image-3813\" src=\"http:\/\/piekarscy.com.pl\/wp-content\/uploads\/2014\/12\/list-michalczuk-1-300x219.jpg\" alt=\"list michalczuk 1\" width=\"300\" height=\"219\" srcset=\"http:\/\/piekarscy.com.pl\/wp-content\/uploads\/2014\/12\/list-michalczuk-1-300x219.jpg 300w, http:\/\/piekarscy.com.pl\/wp-content\/uploads\/2014\/12\/list-michalczuk-1.jpg 1024w, http:\/\/piekarscy.com.pl\/wp-content\/uploads\/2014\/12\/list-michalczuk-1-624x455.jpg 624w\" sizes=\"auto, (max-width: 300px) 100vw, 300px\" \/><\/a><\/del><\/p>\n","protected":false},"excerpt":{"rendered":"<p>List kolegi ze studi\u00f3w Stanis\u0142awa Michalczuka. Tak zwane &#8222;sprawy s\u0142u\u017cbowe&#8221;. Z c\u00f3rk\u0105 i synem tego\u017c kolegi wyl\u0105dowa\u0142am jako dziecko na koloniach w Rabce. Bo \u015bwiat jest bardzo ma\u0142y.<\/p>\n","protected":false},"author":1,"featured_media":0,"comment_status":"closed","ping_status":"closed","sticky":false,"template":"","format":"standard","meta":{"footnotes":""},"categories":[3],"tags":[471,475,140,139],"class_list":["post-3812","post","type-post","status-publish","format-standard","hentry","category-piekarscy","tag-kartka","tag-kul","tag-maciej-pawel-piekarski","tag-maciej-piekarski"],"_links":{"self":[{"href":"http:\/\/piekarscy.com.pl\/index.php?rest_route=\/wp\/v2\/posts\/3812","targetHints":{"allow":["GET"]}}],"collection":[{"href":"http:\/\/piekarscy.com.pl\/index.php?rest_route=\/wp\/v2\/posts"}],"about":[{"href":"http:\/\/piekarscy.com.pl\/index.php?rest_route=\/wp\/v2\/types\/post"}],"author":[{"embeddable":true,"href":"http:\/\/piekarscy.com.pl\/index.php?rest_route=\/wp\/v2\/users\/1"}],"replies":[{"embeddable":true,"href":"http:\/\/piekarscy.com.pl\/index.php?rest_route=%2Fwp%2Fv2%2Fcomments&post=3812"}],"version-history":[{"count":3,"href":"http:\/\/piekarscy.com.pl\/index.php?rest_route=\/wp\/v2\/posts\/3812\/revisions"}],"predecessor-version":[{"id":4083,"href":"http:\/\/piekarscy.com.pl\/index.php?rest_route=\/wp\/v2\/posts\/3812\/revisions\/4083"}],"wp:attachment":[{"href":"http:\/\/piekarscy.com.pl\/index.php?rest_route=%2Fwp%2Fv2%2Fmedia&parent=3812"}],"wp:term":[{"taxonomy":"category","embeddable":true,"href":"http:\/\/piekarscy.com.pl\/index.php?rest_route=%2Fwp%2Fv2%2Fcategories&post=3812"},{"taxonomy":"post_tag","embeddable":true,"href":"http:\/\/piekarscy.com.pl\/index.php?rest_route=%2Fwp%2Fv2%2Ftags&post=3812"}],"curies":[{"name":"wp","href":"https:\/\/api.w.org\/{rel}","templated":true}]}}