{"id":3820,"date":"2015-09-21T00:58:35","date_gmt":"2015-09-21T00:58:35","guid":{"rendered":"http:\/\/piekarscy.com.pl\/?p=3820"},"modified":"2014-12-22T22:00:56","modified_gmt":"2014-12-22T22:00:56","slug":"co-powiedzial-prymas-tysiaclecia","status":"publish","type":"post","link":"http:\/\/piekarscy.com.pl\/?p=3820","title":{"rendered":"Co powiedzia\u0142 Prymas Tysi\u0105clecia"},"content":{"rendered":"<p>W dokumentach uniwersyteckich Taty zachowa\u0142a si\u0119 homilia Prymasa z okazji 40&#8211;lecia Katolickiego Uniwersytetu Lubelskiego.<\/p>\n<p><a href=\"http:\/\/piekarscy.com.pl\/wp-content\/uploads\/2014\/12\/prymas-1.jpg\"><img loading=\"lazy\" decoding=\"async\" class=\"aligncenter size-medium wp-image-3821\" src=\"http:\/\/piekarscy.com.pl\/wp-content\/uploads\/2014\/12\/prymas-1-203x300.jpg\" alt=\"prymas 1\" width=\"203\" height=\"300\" srcset=\"http:\/\/piekarscy.com.pl\/wp-content\/uploads\/2014\/12\/prymas-1-203x300.jpg 203w, http:\/\/piekarscy.com.pl\/wp-content\/uploads\/2014\/12\/prymas-1.jpg 693w, http:\/\/piekarscy.com.pl\/wp-content\/uploads\/2014\/12\/prymas-1-624x922.jpg 624w\" sizes=\"auto, (max-width: 203px) 100vw, 203px\" \/><\/a> <a href=\"http:\/\/piekarscy.com.pl\/wp-content\/uploads\/2014\/12\/prymas-2.jpg\"><img loading=\"lazy\" decoding=\"async\" class=\"aligncenter size-medium wp-image-3822\" src=\"http:\/\/piekarscy.com.pl\/wp-content\/uploads\/2014\/12\/prymas-2-224x300.jpg\" alt=\"prymas 2\" width=\"224\" height=\"300\" srcset=\"http:\/\/piekarscy.com.pl\/wp-content\/uploads\/2014\/12\/prymas-2-224x300.jpg 224w, http:\/\/piekarscy.com.pl\/wp-content\/uploads\/2014\/12\/prymas-2.jpg 765w, http:\/\/piekarscy.com.pl\/wp-content\/uploads\/2014\/12\/prymas-2-624x835.jpg 624w\" sizes=\"auto, (max-width: 224px) 100vw, 224px\" \/><\/a><\/p>\n","protected":false},"excerpt":{"rendered":"<p>W dokumentach uniwersyteckich Taty zachowa\u0142a si\u0119 homilia Prymasa z okazji 40&#8211;lecia Katolickiego Uniwersytetu Lubelskiego.<\/p>\n","protected":false},"author":1,"featured_media":0,"comment_status":"closed","ping_status":"closed","sticky":false,"template":"","format":"standard","meta":{"footnotes":""},"categories":[3],"tags":[476,475,140,139],"class_list":["post-3820","post","type-post","status-publish","format-standard","hentry","category-piekarscy","tag-kardynal-stefan-wyszynski","tag-kul","tag-maciej-pawel-piekarski","tag-maciej-piekarski"],"_links":{"self":[{"href":"http:\/\/piekarscy.com.pl\/index.php?rest_route=\/wp\/v2\/posts\/3820","targetHints":{"allow":["GET"]}}],"collection":[{"href":"http:\/\/piekarscy.com.pl\/index.php?rest_route=\/wp\/v2\/posts"}],"about":[{"href":"http:\/\/piekarscy.com.pl\/index.php?rest_route=\/wp\/v2\/types\/post"}],"author":[{"embeddable":true,"href":"http:\/\/piekarscy.com.pl\/index.php?rest_route=\/wp\/v2\/users\/1"}],"replies":[{"embeddable":true,"href":"http:\/\/piekarscy.com.pl\/index.php?rest_route=%2Fwp%2Fv2%2Fcomments&post=3820"}],"version-history":[{"count":1,"href":"http:\/\/piekarscy.com.pl\/index.php?rest_route=\/wp\/v2\/posts\/3820\/revisions"}],"predecessor-version":[{"id":3823,"href":"http:\/\/piekarscy.com.pl\/index.php?rest_route=\/wp\/v2\/posts\/3820\/revisions\/3823"}],"wp:attachment":[{"href":"http:\/\/piekarscy.com.pl\/index.php?rest_route=%2Fwp%2Fv2%2Fmedia&parent=3820"}],"wp:term":[{"taxonomy":"category","embeddable":true,"href":"http:\/\/piekarscy.com.pl\/index.php?rest_route=%2Fwp%2Fv2%2Fcategories&post=3820"},{"taxonomy":"post_tag","embeddable":true,"href":"http:\/\/piekarscy.com.pl\/index.php?rest_route=%2Fwp%2Fv2%2Ftags&post=3820"}],"curies":[{"name":"wp","href":"https:\/\/api.w.org\/{rel}","templated":true}]}}