{"id":3874,"date":"2015-02-11T00:44:43","date_gmt":"2015-02-11T00:44:43","guid":{"rendered":"http:\/\/piekarscy.com.pl\/?p=3874"},"modified":"2014-12-25T11:50:19","modified_gmt":"2014-12-25T11:50:19","slug":"rachunek-z-niedzicy","status":"publish","type":"post","link":"http:\/\/piekarscy.com.pl\/?p=3874","title":{"rendered":"Rachunek z Niedzicy"},"content":{"rendered":"<p>W 1994 roku Katolicki Uniwersytet Lubelski obchodzi\u0142 70-lecie. Tata pojecha\u0142 do Lublina, ale najpierw z kole\u017ce\u0144stwem spotka\u0142 si\u0119 w Niedzicy&#8230; Takie wtedy by\u0142y ceny&#8230;\u00a0<img loading=\"lazy\" decoding=\"async\" class=\"aligncenter size-medium wp-image-3875\" src=\"http:\/\/piekarscy.com.pl\/wp-content\/uploads\/2014\/12\/70-lecie-rachunek-niedzica-300x225.jpg\" alt=\"70-lecie rachunek niedzica\" width=\"300\" height=\"225\" srcset=\"http:\/\/piekarscy.com.pl\/wp-content\/uploads\/2014\/12\/70-lecie-rachunek-niedzica-300x225.jpg 300w, http:\/\/piekarscy.com.pl\/wp-content\/uploads\/2014\/12\/70-lecie-rachunek-niedzica.jpg 1024w, http:\/\/piekarscy.com.pl\/wp-content\/uploads\/2014\/12\/70-lecie-rachunek-niedzica-624x468.jpg 624w\" sizes=\"auto, (max-width: 300px) 100vw, 300px\" \/><\/p>\n","protected":false},"excerpt":{"rendered":"<p>W 1994 roku Katolicki Uniwersytet Lubelski obchodzi\u0142 70-lecie. Tata pojecha\u0142 do Lublina, ale najpierw z kole\u017ce\u0144stwem spotka\u0142 si\u0119 w Niedzicy&#8230; Takie wtedy by\u0142y ceny&#8230;\u00a0<\/p>\n","protected":false},"author":1,"featured_media":0,"comment_status":"closed","ping_status":"closed","sticky":false,"template":"","format":"standard","meta":{"footnotes":""},"categories":[3],"tags":[475,140,139,485,274,484],"class_list":["post-3874","post","type-post","status-publish","format-standard","hentry","category-piekarscy","tag-kul","tag-maciej-pawel-piekarski","tag-maciej-piekarski","tag-niedzica","tag-rachunek","tag-zamek-w-niedzicy"],"_links":{"self":[{"href":"http:\/\/piekarscy.com.pl\/index.php?rest_route=\/wp\/v2\/posts\/3874","targetHints":{"allow":["GET"]}}],"collection":[{"href":"http:\/\/piekarscy.com.pl\/index.php?rest_route=\/wp\/v2\/posts"}],"about":[{"href":"http:\/\/piekarscy.com.pl\/index.php?rest_route=\/wp\/v2\/types\/post"}],"author":[{"embeddable":true,"href":"http:\/\/piekarscy.com.pl\/index.php?rest_route=\/wp\/v2\/users\/1"}],"replies":[{"embeddable":true,"href":"http:\/\/piekarscy.com.pl\/index.php?rest_route=%2Fwp%2Fv2%2Fcomments&post=3874"}],"version-history":[{"count":1,"href":"http:\/\/piekarscy.com.pl\/index.php?rest_route=\/wp\/v2\/posts\/3874\/revisions"}],"predecessor-version":[{"id":3876,"href":"http:\/\/piekarscy.com.pl\/index.php?rest_route=\/wp\/v2\/posts\/3874\/revisions\/3876"}],"wp:attachment":[{"href":"http:\/\/piekarscy.com.pl\/index.php?rest_route=%2Fwp%2Fv2%2Fmedia&parent=3874"}],"wp:term":[{"taxonomy":"category","embeddable":true,"href":"http:\/\/piekarscy.com.pl\/index.php?rest_route=%2Fwp%2Fv2%2Fcategories&post=3874"},{"taxonomy":"post_tag","embeddable":true,"href":"http:\/\/piekarscy.com.pl\/index.php?rest_route=%2Fwp%2Fv2%2Ftags&post=3874"}],"curies":[{"name":"wp","href":"https:\/\/api.w.org\/{rel}","templated":true}]}}