{"id":3974,"date":"2015-01-11T00:03:15","date_gmt":"2015-01-11T00:03:15","guid":{"rendered":"http:\/\/piekarscy.com.pl\/?p=3974"},"modified":"2014-12-26T11:06:22","modified_gmt":"2014-12-26T11:06:22","slug":"bezrobocie-w-xx-leciu","status":"publish","type":"post","link":"http:\/\/piekarscy.com.pl\/?p=3974","title":{"rendered":"Bezrobocie w XX-leciu"},"content":{"rendered":"<p>Bezrobocie w XX-leciu by\u0142o. Mo\u017cna by\u0142o by\u0107 wykszta\u0142conym, a jednak&#8230; czasem bywa\u0142o si\u0119 bezrobotnym. Tak by\u0142o z moim dziadkiem. Oto jego ksi\u0105\u017ceczka z urz\u0119du pracy.\u00a0<a href=\"http:\/\/piekarscy.com.pl\/wp-content\/uploads\/2014\/12\/urzad-pracy-1.jpg\"><img loading=\"lazy\" decoding=\"async\" class=\"aligncenter size-medium wp-image-3978\" src=\"http:\/\/piekarscy.com.pl\/wp-content\/uploads\/2014\/12\/urzad-pracy-1-300x209.jpg\" alt=\"urzad pracy 1\" width=\"300\" height=\"209\" srcset=\"http:\/\/piekarscy.com.pl\/wp-content\/uploads\/2014\/12\/urzad-pracy-1-300x209.jpg 300w, http:\/\/piekarscy.com.pl\/wp-content\/uploads\/2014\/12\/urzad-pracy-1.jpg 1024w, http:\/\/piekarscy.com.pl\/wp-content\/uploads\/2014\/12\/urzad-pracy-1-624x435.jpg 624w\" sizes=\"auto, (max-width: 300px) 100vw, 300px\" \/><\/a> <a href=\"http:\/\/piekarscy.com.pl\/wp-content\/uploads\/2014\/12\/urzad-pracy-2.jpg\"><img loading=\"lazy\" decoding=\"async\" class=\"aligncenter size-medium wp-image-3979\" src=\"http:\/\/piekarscy.com.pl\/wp-content\/uploads\/2014\/12\/urzad-pracy-2-300x210.jpg\" alt=\"urzad pracy 2\" width=\"300\" height=\"210\" srcset=\"http:\/\/piekarscy.com.pl\/wp-content\/uploads\/2014\/12\/urzad-pracy-2-300x210.jpg 300w, http:\/\/piekarscy.com.pl\/wp-content\/uploads\/2014\/12\/urzad-pracy-2.jpg 1024w, http:\/\/piekarscy.com.pl\/wp-content\/uploads\/2014\/12\/urzad-pracy-2-624x437.jpg 624w\" sizes=\"auto, (max-width: 300px) 100vw, 300px\" \/><\/a><\/p>\n","protected":false},"excerpt":{"rendered":"<p>Bezrobocie w XX-leciu by\u0142o. Mo\u017cna by\u0142o by\u0107 wykszta\u0142conym, a jednak&#8230; czasem bywa\u0142o si\u0119 bezrobotnym. Tak by\u0142o z moim dziadkiem. Oto jego ksi\u0105\u017ceczka z urz\u0119du pracy.\u00a0<\/p>\n","protected":false},"author":1,"featured_media":0,"comment_status":"closed","ping_status":"closed","sticky":false,"template":"","format":"standard","meta":{"footnotes":""},"categories":[3],"tags":[87,80,429,506],"class_list":["post-3974","post","type-post","status-publish","format-standard","hentry","category-piekarscy","tag-bronislaw-michal-piekarski","tag-dokument","tag-legitymacja","tag-zarzad-obwodowy-funduszu-bezrobocia"],"_links":{"self":[{"href":"http:\/\/piekarscy.com.pl\/index.php?rest_route=\/wp\/v2\/posts\/3974","targetHints":{"allow":["GET"]}}],"collection":[{"href":"http:\/\/piekarscy.com.pl\/index.php?rest_route=\/wp\/v2\/posts"}],"about":[{"href":"http:\/\/piekarscy.com.pl\/index.php?rest_route=\/wp\/v2\/types\/post"}],"author":[{"embeddable":true,"href":"http:\/\/piekarscy.com.pl\/index.php?rest_route=\/wp\/v2\/users\/1"}],"replies":[{"embeddable":true,"href":"http:\/\/piekarscy.com.pl\/index.php?rest_route=%2Fwp%2Fv2%2Fcomments&post=3974"}],"version-history":[{"count":1,"href":"http:\/\/piekarscy.com.pl\/index.php?rest_route=\/wp\/v2\/posts\/3974\/revisions"}],"predecessor-version":[{"id":3980,"href":"http:\/\/piekarscy.com.pl\/index.php?rest_route=\/wp\/v2\/posts\/3974\/revisions\/3980"}],"wp:attachment":[{"href":"http:\/\/piekarscy.com.pl\/index.php?rest_route=%2Fwp%2Fv2%2Fmedia&parent=3974"}],"wp:term":[{"taxonomy":"category","embeddable":true,"href":"http:\/\/piekarscy.com.pl\/index.php?rest_route=%2Fwp%2Fv2%2Fcategories&post=3974"},{"taxonomy":"post_tag","embeddable":true,"href":"http:\/\/piekarscy.com.pl\/index.php?rest_route=%2Fwp%2Fv2%2Ftags&post=3974"}],"curies":[{"name":"wp","href":"https:\/\/api.w.org\/{rel}","templated":true}]}}