{"id":4014,"date":"2015-01-31T00:02:12","date_gmt":"2015-01-31T00:02:12","guid":{"rendered":"http:\/\/piekarscy.com.pl\/?p=4014"},"modified":"2014-12-26T12:04:34","modified_gmt":"2014-12-26T12:04:34","slug":"powszechna-wystawa-krajowa-1929","status":"publish","type":"post","link":"http:\/\/piekarscy.com.pl\/?p=4014","title":{"rendered":"Powszechna Wystawa Krajowa 1929"},"content":{"rendered":"<p>S\u0142ynna <a href=\"http:\/\/pl.wikipedia.org\/wiki\/Powszechna_Wystawa_Krajowa\" target=\"_blank\">Powszechna Wystawa Krajowa<\/a> przyci\u0105gn\u0119\u0142a t\u0142umy Polak\u00f3w. Tak\u017ce pradziadka.<\/p>\n<p><a href=\"http:\/\/piekarscy.com.pl\/wp-content\/uploads\/2014\/12\/legitymacja-PWK-1.jpg\"><img loading=\"lazy\" decoding=\"async\" class=\"aligncenter size-medium wp-image-4015\" src=\"http:\/\/piekarscy.com.pl\/wp-content\/uploads\/2014\/12\/legitymacja-PWK-1-300x217.jpg\" alt=\"legitymacja PWK 1\" width=\"300\" height=\"217\" srcset=\"http:\/\/piekarscy.com.pl\/wp-content\/uploads\/2014\/12\/legitymacja-PWK-1-300x217.jpg 300w, http:\/\/piekarscy.com.pl\/wp-content\/uploads\/2014\/12\/legitymacja-PWK-1.jpg 1024w, http:\/\/piekarscy.com.pl\/wp-content\/uploads\/2014\/12\/legitymacja-PWK-1-624x452.jpg 624w\" sizes=\"auto, (max-width: 300px) 100vw, 300px\" \/><\/a> <a href=\"http:\/\/piekarscy.com.pl\/wp-content\/uploads\/2014\/12\/legitymacja-PWK-2.jpg\"><img loading=\"lazy\" decoding=\"async\" class=\"aligncenter size-medium wp-image-4016\" src=\"http:\/\/piekarscy.com.pl\/wp-content\/uploads\/2014\/12\/legitymacja-PWK-2-300x205.jpg\" alt=\"legitymacja PWK 2\" width=\"300\" height=\"205\" srcset=\"http:\/\/piekarscy.com.pl\/wp-content\/uploads\/2014\/12\/legitymacja-PWK-2-300x205.jpg 300w, http:\/\/piekarscy.com.pl\/wp-content\/uploads\/2014\/12\/legitymacja-PWK-2.jpg 1024w, http:\/\/piekarscy.com.pl\/wp-content\/uploads\/2014\/12\/legitymacja-PWK-2-624x426.jpg 624w\" sizes=\"auto, (max-width: 300px) 100vw, 300px\" \/><\/a><\/p>\n","protected":false},"excerpt":{"rendered":"<p>S\u0142ynna Powszechna Wystawa Krajowa przyci\u0105gn\u0119\u0142a t\u0142umy Polak\u00f3w. Tak\u017ce pradziadka.<\/p>\n","protected":false},"author":1,"featured_media":0,"comment_status":"closed","ping_status":"closed","sticky":false,"template":"","format":"standard","meta":{"footnotes":""},"categories":[3],"tags":[429,32,29,516],"class_list":["post-4014","post","type-post","status-publish","format-standard","hentry","category-piekarscy","tag-legitymacja","tag-ludwik-piekarski","tag-ludwik-roch-piekarski","tag-powszechna-wystawa-krajowa"],"_links":{"self":[{"href":"http:\/\/piekarscy.com.pl\/index.php?rest_route=\/wp\/v2\/posts\/4014","targetHints":{"allow":["GET"]}}],"collection":[{"href":"http:\/\/piekarscy.com.pl\/index.php?rest_route=\/wp\/v2\/posts"}],"about":[{"href":"http:\/\/piekarscy.com.pl\/index.php?rest_route=\/wp\/v2\/types\/post"}],"author":[{"embeddable":true,"href":"http:\/\/piekarscy.com.pl\/index.php?rest_route=\/wp\/v2\/users\/1"}],"replies":[{"embeddable":true,"href":"http:\/\/piekarscy.com.pl\/index.php?rest_route=%2Fwp%2Fv2%2Fcomments&post=4014"}],"version-history":[{"count":1,"href":"http:\/\/piekarscy.com.pl\/index.php?rest_route=\/wp\/v2\/posts\/4014\/revisions"}],"predecessor-version":[{"id":4017,"href":"http:\/\/piekarscy.com.pl\/index.php?rest_route=\/wp\/v2\/posts\/4014\/revisions\/4017"}],"wp:attachment":[{"href":"http:\/\/piekarscy.com.pl\/index.php?rest_route=%2Fwp%2Fv2%2Fmedia&parent=4014"}],"wp:term":[{"taxonomy":"category","embeddable":true,"href":"http:\/\/piekarscy.com.pl\/index.php?rest_route=%2Fwp%2Fv2%2Fcategories&post=4014"},{"taxonomy":"post_tag","embeddable":true,"href":"http:\/\/piekarscy.com.pl\/index.php?rest_route=%2Fwp%2Fv2%2Ftags&post=4014"}],"curies":[{"name":"wp","href":"https:\/\/api.w.org\/{rel}","templated":true}]}}