{"id":4139,"date":"2015-03-04T00:25:27","date_gmt":"2015-03-04T00:25:27","guid":{"rendered":"http:\/\/piekarscy.com.pl\/?p=4139"},"modified":"2015-02-22T08:35:45","modified_gmt":"2015-02-22T08:35:45","slug":"prapradziadek-michal-w-okresie-powstania-styczniowego","status":"publish","type":"post","link":"http:\/\/piekarscy.com.pl\/?p=4139","title":{"rendered":"Prapradziadek Micha\u0142 w okresie Powstania Styczniowego"},"content":{"rendered":"<p>Jak wygl\u0105da\u0142 prapradziadek Micha\u0142, gdy\u00a0pracowal w warsztacie kowalskim wlasnego ojca? Zdj\u0119cie zrobione na dwa lata przed wydarzeniami zwi\u0105zanymi ze smierci\u0105 mojego trzy razy pra, czyli Paw\u0142a Piekarskiego, opisanymi m.in. w notatce <a title=\"\u201eOpis mego \u017cycia\u201d, czyli notatka prapradziadka Micha\u0142a\" href=\"http:\/\/piekarscy.com.pl\/?p=4076\">&#8222;Opis mego \u017cycia&#8221;<\/a>.\u00a0<a href=\"http:\/\/piekarscy.com.pl\/wp-content\/uploads\/2015\/02\/michal_piekarski.jpeg\"><img loading=\"lazy\" decoding=\"async\" class=\"aligncenter size-medium wp-image-4141\" src=\"http:\/\/piekarscy.com.pl\/wp-content\/uploads\/2015\/02\/michal_piekarski-188x300.jpeg\" alt=\"michal_piekarski\" width=\"188\" height=\"300\" srcset=\"http:\/\/piekarscy.com.pl\/wp-content\/uploads\/2015\/02\/michal_piekarski-188x300.jpeg 188w, http:\/\/piekarscy.com.pl\/wp-content\/uploads\/2015\/02\/michal_piekarski-642x1024.jpeg 642w, http:\/\/piekarscy.com.pl\/wp-content\/uploads\/2015\/02\/michal_piekarski-624x995.jpeg 624w, http:\/\/piekarscy.com.pl\/wp-content\/uploads\/2015\/02\/michal_piekarski.jpeg 729w\" sizes=\"auto, (max-width: 188px) 100vw, 188px\" \/><\/a><\/p>\n","protected":false},"excerpt":{"rendered":"<p>Jak wygl\u0105da\u0142 prapradziadek Micha\u0142, gdy\u00a0pracowal w warsztacie kowalskim wlasnego ojca? Zdj\u0119cie zrobione na dwa lata przed wydarzeniami zwi\u0105zanymi ze smierci\u0105 mojego trzy razy pra, czyli Paw\u0142a Piekarskiego, opisanymi m.in. w notatce &#8222;Opis mego \u017cycia&#8221;.\u00a0<\/p>\n","protected":false},"author":1,"featured_media":0,"comment_status":"closed","ping_status":"closed","sticky":false,"template":"","format":"standard","meta":{"footnotes":""},"categories":[3],"tags":[30,33],"class_list":["post-4139","post","type-post","status-publish","format-standard","hentry","category-piekarscy","tag-michal-franciszek-piekarski","tag-michal-piekarski"],"_links":{"self":[{"href":"http:\/\/piekarscy.com.pl\/index.php?rest_route=\/wp\/v2\/posts\/4139","targetHints":{"allow":["GET"]}}],"collection":[{"href":"http:\/\/piekarscy.com.pl\/index.php?rest_route=\/wp\/v2\/posts"}],"about":[{"href":"http:\/\/piekarscy.com.pl\/index.php?rest_route=\/wp\/v2\/types\/post"}],"author":[{"embeddable":true,"href":"http:\/\/piekarscy.com.pl\/index.php?rest_route=\/wp\/v2\/users\/1"}],"replies":[{"embeddable":true,"href":"http:\/\/piekarscy.com.pl\/index.php?rest_route=%2Fwp%2Fv2%2Fcomments&post=4139"}],"version-history":[{"count":2,"href":"http:\/\/piekarscy.com.pl\/index.php?rest_route=\/wp\/v2\/posts\/4139\/revisions"}],"predecessor-version":[{"id":4143,"href":"http:\/\/piekarscy.com.pl\/index.php?rest_route=\/wp\/v2\/posts\/4139\/revisions\/4143"}],"wp:attachment":[{"href":"http:\/\/piekarscy.com.pl\/index.php?rest_route=%2Fwp%2Fv2%2Fmedia&parent=4139"}],"wp:term":[{"taxonomy":"category","embeddable":true,"href":"http:\/\/piekarscy.com.pl\/index.php?rest_route=%2Fwp%2Fv2%2Fcategories&post=4139"},{"taxonomy":"post_tag","embeddable":true,"href":"http:\/\/piekarscy.com.pl\/index.php?rest_route=%2Fwp%2Fv2%2Ftags&post=4139"}],"curies":[{"name":"wp","href":"https:\/\/api.w.org\/{rel}","templated":true}]}}