{"id":4165,"date":"2015-03-07T00:46:02","date_gmt":"2015-03-07T00:46:02","guid":{"rendered":"http:\/\/piekarscy.com.pl\/?p=4165"},"modified":"2015-02-22T18:37:09","modified_gmt":"2015-02-22T18:37:09","slug":"jeszcze-jeden-opis-zycia-prapradziadka-michala-piekarskiego","status":"publish","type":"post","link":"http:\/\/piekarscy.com.pl\/?p=4165","title":{"rendered":"Jeszcze jeden opis \u017cycia prapradziadka Micha\u0142a Piekarskiego"},"content":{"rendered":"<p>Oto kolejny (jak sie okazalo wcze\u015bniejszy) <a title=\"\u201eOpis mego \u017cycia\u201d, czyli notatka prapradziadka Micha\u0142a\" href=\"http:\/\/piekarscy.com.pl\/?p=4076\">opis \u017cycia<\/a> prapradziadka Micha\u0142a Franciszka Piekarskiego. Ten opis powsta\u0142 ok. 1910 roku. Opisy r\u00f3\u017cni\u0105 si\u0119 mi\u0119dzy sob\u0105 niewielkimi szczeg\u00f3\u0142ami.\u00a0<em><a href=\"http:\/\/piekarscy.com.pl\/wp-content\/uploads\/2015\/02\/opis-mego-zycia-2-1.jpg\"><img loading=\"lazy\" decoding=\"async\" class=\"aligncenter size-medium wp-image-4166\" src=\"http:\/\/piekarscy.com.pl\/wp-content\/uploads\/2015\/02\/opis-mego-zycia-2-1-179x300.jpg\" alt=\"opis mego zycia 2-1\" width=\"179\" height=\"300\" srcset=\"http:\/\/piekarscy.com.pl\/wp-content\/uploads\/2015\/02\/opis-mego-zycia-2-1-179x300.jpg 179w, http:\/\/piekarscy.com.pl\/wp-content\/uploads\/2015\/02\/opis-mego-zycia-2-1.jpg 612w\" sizes=\"auto, (max-width: 179px) 100vw, 179px\" \/><\/a> <a href=\"http:\/\/piekarscy.com.pl\/wp-content\/uploads\/2015\/02\/opis-mego-zycia-2-2.jpg\"><img loading=\"lazy\" decoding=\"async\" class=\"aligncenter size-medium wp-image-4167\" src=\"http:\/\/piekarscy.com.pl\/wp-content\/uploads\/2015\/02\/opis-mego-zycia-2-2-186x300.jpg\" alt=\"opis mego zycia 2-2\" width=\"186\" height=\"300\" srcset=\"http:\/\/piekarscy.com.pl\/wp-content\/uploads\/2015\/02\/opis-mego-zycia-2-2-186x300.jpg 186w, http:\/\/piekarscy.com.pl\/wp-content\/uploads\/2015\/02\/opis-mego-zycia-2-2-636x1024.jpg 636w, http:\/\/piekarscy.com.pl\/wp-content\/uploads\/2015\/02\/opis-mego-zycia-2-2-624x1005.jpg 624w\" sizes=\"auto, (max-width: 186px) 100vw, 186px\" \/><\/a>\u201eUrodzi\u0142em si\u0119 w Warszawie w domu pod N 1822 przy ulicy Ko\u017alej w\u0142asno\u015bc p. Haselberga z rodzic\u00f3w Paw\u0142a Piekarskiego rodem z Wadowic pod Krakowem i matki Julijanny z Dobrza\u0144skich Piekarskiej siostry rodzonej Jana obywatela m. Warszawy w\u0142a\u015bciciela domu przy ulicy r\u00f3g Kruczej i\u00a0\u017b\u00f3rawiej i\u00a0Dyonizego i Kacpra obywateli m. W\u0142oc\u0142awka \u00a0w\u00a0dniu 24 wrze\u015bnia 1841. 1849 umar\u0142a mi matka Julianna. Ojciec w kwietniu 1850 r. o\u017ceni\u0142 si\u0119 powt\u00f3rnie z Agat\u0105 z Kasprowicz\u00f3w (<\/em><em>vel Kacprzak\u00f3w). W dniu 15 sierpnia w sam dzie\u0144 \u015bwi\u0119ta Matki Boskiej Wniebowzi\u0119cia, stali\u015bmy si\u0119 pastw\u0105\u00a0ognia, kt\u00f3ry wnik\u0142 w s\u0105siedniej\u00a0fabryce odlew\u00f3w i narz\u0119dzi rolniczych Braci Evans\u00f3w przy ulicy \u015ato-jerskiej, ty\u0142y s\u0105siadywa\u0142y z posesj\u0105 Haselberga, od 2-go podw\u00f3rza byl to budynek parterowy ca\u0142y drewniany, \u0142atwo wi\u0119c uleg\u0142 pr\u0119dkiemu spaleniu, tak \u017ce niewiele da\u0142o sie\u00a0uratowa\u0107 z warsztatu i mieszkania. Noc przep\u0119dzili\u015bmy na placyku Nowego Miasta pod\u00a0klasztorem\u00a0S.S. Sakramentek. Tymczasowo Lokalu u\u017cyczy\u0142 nam majster\u00a0Jak\u00f3b Przewodzi\u0144ski, majster murarski zamieszka\u0142y na Nowem Mie\u015bcie, a warsztatu kowalskiego\u00a0Franciszek Schilling, a m\u00f3j chrzestny ojciec<\/em><em>zamieszka\u0142y w domu przy ulicy D\u0142ugiej r\u00f3g W\u0105zkiej (Raczy\u0144skiej), kt\u00f3ry profesji kowalskiej prowadzi\u0142 fabryk\u0119 powoz\u00f3w, kt\u00f3ra w owym czasie dobrze prosperowa\u0142a. Po&#8230; czasie ucz\u0119szcza\u0142em do szko\u0142y poczatkowej poczatkowej p. jagielskiego w domu po Pali\u0144skim (?) nastepnie szko\u0142y Kosz\u0142akowskioego gdzie w roku (<\/em>miejsce opuszczone<em>) zda\u0142em egzamin do klasy 1-ej szko\u0142y Powiatowej Realnej Nr 2 przy ulicy Freta ulokowanej w gmachu klasztornym Dominikan\u00f3w,\u00a0<\/em><em>kt\u00f3rej okna z wszystkich klas wychodzi\u0142y na ulic\u0119 Star\u0105 z wylotem p. bram\u0119 na ulic\u0119 Mostow\u0105. <\/em><em>W r: 1857 w dniu 28 czerwca po zako\u0144czeniu Aktu uroczystego w Pa\u0142acu Kazimierzowskim i po od\u015bpiewaniu Tedeum Laudamus w ko\u015bciele pp. Wizytek i po\u015bwi\u0119ceniu nas p ksi\u0119dza prefekta Mikoszewi\u2026 po\u017cegnali\u015bmy si\u0119 z profesorami i inspektorem Sobolewskim i opu\u015bcili\u015bmy \u015bwi\u0105tynie udaj\u0105c si\u0119 do dom\u00f3w. Ja uzyska\u0142em patent z uko\u0144czenia calkowitych 4ch klas z\u00a0otrzymaniem w klasie 1ej list pochwalny w 2 nagrod\u0119 w 3 nagrod\u0119 i w 4ej list pochwalny, kt\u00f3re to odznaczenia posuadam u siebie.\u00a0Po dwoch tygodniach odpoczynku <\/em><em>po nauce ojciec obr\u00f3ci\u0142 mnie do swego rzemios\u0142a gdzie od po\u0142owy lipca juz by\u0142em uczniem kowalskim, pracowa\u0142em na r\u00f3wni z drugiemi kolegami, z ktorych pami\u0119tam: J\u00f3zef Lewi\u0144ski, Ludwik Babski, Ludwik Wojdat, Antoni Kruk i jeszcze jedne, ktorego nazwiska nie pami\u0119tam. Czeladnikiem by\u0142 brat rodzony\u00a0Franciszek. W dniu 5 stycznia 1865 r. zmar\u0142 ojciec m\u00f3j Pawe\u0142 Piekarski w wieku lat 66 o godz. 9 rano w czasie stanu wojennego w Warszawie gdzie na pogrzeb trzeba by\u0142o uzyska\u0107 na ilo\u015b\u0107 os\u00f3b z biura Ober-Policmajstra pozwolenie, bez takowego nie przepuszczali nikogo z przyjaci\u00f3\u0142 tylko najbli\u017csz\u0105 rodzin\u0119, ale przy stosunkach i znajomo\u015bciach da\u0142o sie uzyskac przej\u015bc przez rogatk\u0119 dla 30. Pierwze poczatki nauki pobiera\u0142em w szkole p. Lidzikowskiego przy \u015ato-Jerskiej a nastepnie Piwnej gdzie naby\u0142 obu na w\u0142asn przy ul. W\u0105ski Dunaj wprost Piwnej. Pozostala rodzina sk\u0142ada\u0142a sie z przybranej matki Agaty z Kasprzakow Piekarskiej i Franciszka Piekarskiego majstra kowalskiego pracuj\u0105cego w fabryce Evansa przy ul. \u015ato-Jerskiej, Micha\u0142a Piekarskiego majtsra kowalstwa, Jana Piekarskiego czeladnika stolarskiego\u00a0<\/em><em>i Krystyny Piekarskiej panny. Po uko\u0144czeniu dzia\u0142\u00f3w s\u0105downie matka wyprowadzi\u0142a si\u0119 od nas i wysz\u0142a za m\u0105\u017c powt\u00f3rnie, a ja, Jan i Krystyna pozostali\u015bmy w miejscu. Ja przy pomocy dobrych ludzi, na licytacji naby\u0142em warsztat po ojcu z drugiej r\u0119ki od Izraela Braumrotch, cz\u0142owieka wyznania moj\u017ceszowego, jednak uczciwego, ktory ma\u0142em wynagrodzeniem odprzedal\u00a0mi go po sko\u0144czonej licytacji, tak \u017ce nie ponios\u0142em \u017cadnej przeszkody w prowadzeniu roboty i utraty interesantow. Zawdzi\u0119czam r\u00f3wnie\u017c szlachetne dla nas wsp\u00f3\u0142czucie w\u0142a\u015bcicielowi domu panu \u00a0Jezierskiemu Aleksandrowi i \u017conie jego Feliksie z Ziemi\u0144skich, a to g\u0142ownie z zachowania si\u0119 mojego i pracy gorliwej w warsztacie siostr\u0119 Krystyn\u0119 wyda\u0142em za m\u0105\u017c za Juliana Drozdowicza majstra szewskiego w Pa\u017adzierniku 1866 r a sam o\u017ceni\u0142em si\u0119 z p. Juli\u0105 Stalsk\u0105, c\u00f3rk\u0105 <\/em><em>\u0141ukasza i J\u00f3zefy z Dobosiewicz\u00f3w c\u00f3rki Jacentego i ma\u0142\u017conki tego Barbary z Pechnik\u00f3w Dobosiewicz. P<\/em><em>o po\u017cyciu sze\u015bcioletnim \u017cona mi umar\u0142a po narodzeniu si\u0119 c\u00f3reczki Maryi, pozosta\u0142a mi c\u00f3rka i syn Ludwik a pierworodny Micha\u0142ek zmar\u0142 niemowl\u0119ciem wstapi\u0142em\u00a0<\/em><em>powt\u00f3rnie w\u00a0zwi\u0105zki z siostr\u0105 rodzona zmar\u0142ej Julii, Zofi\u0105 m\u0142odsz\u0105 ode mnie o lat 16 lat. po uzyskaniu dyspensy z Rzymu od Ojca w czem mi przyszedl z pomoc\u0105 X. Wac\u0142aw Gizaczy\u0144ski pracuj\u0105cy w konsystorzu warszawskim, wikaryusz ko\u015bcio\u0142a katedralnego \u015a-go Jana.\u00a0<\/em><em>Przyjacielem, a zarazem kolego szkolnym by\u0142 brat rodzony X Wac\u0142awa urz\u0119dnik rz\u0105du Poprawczego przy ul. Dzielnej a zarazem pomocnik \u2026 p. Stanis\u0142awa Gepnera, jemu r\u00f3wnie\u017c zawdzi\u0119czam pomoc w przeprowadzeniu pomy\u015blnego rezultatu w spadku po siostrze wujecznej Michali Dobranej vel Lamma \u017conie Ludwika Lamma fabrykanta wyrob\u00f3w poz\u0142otniczych.\u201d<\/em><\/p>\n","protected":false},"excerpt":{"rendered":"<p>Oto kolejny (jak sie okazalo wcze\u015bniejszy) opis \u017cycia prapradziadka Micha\u0142a Franciszka Piekarskiego. Ten opis powsta\u0142 ok. 1910 roku. Opisy r\u00f3\u017cni\u0105 si\u0119 mi\u0119dzy sob\u0105 niewielkimi szczeg\u00f3\u0142ami.\u00a0 \u201eUrodzi\u0142em si\u0119 w Warszawie w domu pod N 1822 przy ulicy Ko\u017alej w\u0142asno\u015bc p. Haselberga z rodzic\u00f3w Paw\u0142a Piekarskiego rodem z Wadowic pod Krakowem i matki Julijanny z Dobrza\u0144skich Piekarskiej [&hellip;]<\/p>\n","protected":false},"author":1,"featured_media":0,"comment_status":"closed","ping_status":"closed","sticky":false,"template":"","format":"standard","meta":{"footnotes":""},"categories":[3],"tags":[30,33,336,251],"class_list":["post-4165","post","type-post","status-publish","format-standard","hentry","category-piekarscy","tag-michal-franciszek-piekarski","tag-michal-piekarski","tag-notatka","tag-wspomnienia"],"_links":{"self":[{"href":"http:\/\/piekarscy.com.pl\/index.php?rest_route=\/wp\/v2\/posts\/4165","targetHints":{"allow":["GET"]}}],"collection":[{"href":"http:\/\/piekarscy.com.pl\/index.php?rest_route=\/wp\/v2\/posts"}],"about":[{"href":"http:\/\/piekarscy.com.pl\/index.php?rest_route=\/wp\/v2\/types\/post"}],"author":[{"embeddable":true,"href":"http:\/\/piekarscy.com.pl\/index.php?rest_route=\/wp\/v2\/users\/1"}],"replies":[{"embeddable":true,"href":"http:\/\/piekarscy.com.pl\/index.php?rest_route=%2Fwp%2Fv2%2Fcomments&post=4165"}],"version-history":[{"count":2,"href":"http:\/\/piekarscy.com.pl\/index.php?rest_route=\/wp\/v2\/posts\/4165\/revisions"}],"predecessor-version":[{"id":4169,"href":"http:\/\/piekarscy.com.pl\/index.php?rest_route=\/wp\/v2\/posts\/4165\/revisions\/4169"}],"wp:attachment":[{"href":"http:\/\/piekarscy.com.pl\/index.php?rest_route=%2Fwp%2Fv2%2Fmedia&parent=4165"}],"wp:term":[{"taxonomy":"category","embeddable":true,"href":"http:\/\/piekarscy.com.pl\/index.php?rest_route=%2Fwp%2Fv2%2Fcategories&post=4165"},{"taxonomy":"post_tag","embeddable":true,"href":"http:\/\/piekarscy.com.pl\/index.php?rest_route=%2Fwp%2Fv2%2Ftags&post=4165"}],"curies":[{"name":"wp","href":"https:\/\/api.w.org\/{rel}","templated":true}]}}