{"id":4170,"date":"2015-03-08T00:37:12","date_gmt":"2015-03-08T00:37:12","guid":{"rendered":"http:\/\/piekarscy.com.pl\/?p=4170"},"modified":"2015-02-22T18:47:25","modified_gmt":"2015-02-22T18:47:25","slug":"podatek-spadkowy-po-prapradziadku-michale","status":"publish","type":"post","link":"http:\/\/piekarscy.com.pl\/?p=4170","title":{"rendered":"Podatek spadkowy po prapradziadku Michale"},"content":{"rendered":"<p>Micha\u0142 Franciszek Piekarski na kilka lat przed \u015bmierci\u0105 dr\u017c\u0105c\u0105 r\u0119k\u0105 zapisa\u0142 ca\u0142y sw\u00f3j maj\u0105tek \u017conie Zofii ze Stalskich Piekarskiej. Tej, kt\u00f3ra da\u0142a mu jedena\u015bcioro dzieci i pomog\u0142a wychowa\u0107 dw\u00f3jk\u0119 z pierwszego ma\u0142\u017ce\u0144stwa. Wed\u0142ug dokument\u00f3w nie by\u0142 ju\u017c wtedy kowalem, a w\u0142a\u015bcicielem nieruchomo\u015bci przy ul. Chmielnej i to z wynajmu lokali przez ostatnie lata utrzymywa\u0142 rodzin\u0119. Jednak nie \u017cona odziedziczy\u0142a po nim maj\u0105tek. M\u0142odsza o lat 16 Zofia zmar\u0142a 3 lata przed swoim ma\u0142\u017conkiem. Dlatego, co wynika zreszt\u0105 z nakazu p\u0142atniczego, podatek z tytu\u0142u nabycia spadku po zmar\u0142ym 11 marca 1938 roku Michale Franciszku Piekarskim musia\u0142o zap\u0142aci\u0107 11 os\u00f3b w tym m\u00f3j pradziadek Ludwik Roch Piekarski.<\/p>\n<p><a href=\"http:\/\/piekarscy.com.pl\/wp-content\/uploads\/2015\/02\/spadkowy-kwit1.jpg\"><img loading=\"lazy\" decoding=\"async\" class=\"aligncenter size-medium wp-image-4171\" src=\"http:\/\/piekarscy.com.pl\/wp-content\/uploads\/2015\/02\/spadkowy-kwit1-130x300.jpg\" alt=\"spadkowy kwit1\" width=\"130\" height=\"300\" srcset=\"http:\/\/piekarscy.com.pl\/wp-content\/uploads\/2015\/02\/spadkowy-kwit1-130x300.jpg 130w, http:\/\/piekarscy.com.pl\/wp-content\/uploads\/2015\/02\/spadkowy-kwit1.jpg 444w\" sizes=\"auto, (max-width: 130px) 100vw, 130px\" \/><\/a> <a href=\"http:\/\/piekarscy.com.pl\/wp-content\/uploads\/2015\/02\/spadkowy-kwit2.jpg\"><img loading=\"lazy\" decoding=\"async\" class=\"aligncenter size-medium wp-image-4172\" src=\"http:\/\/piekarscy.com.pl\/wp-content\/uploads\/2015\/02\/spadkowy-kwit2-300x128.jpg\" alt=\"spadkowy kwit2\" width=\"300\" height=\"128\" srcset=\"http:\/\/piekarscy.com.pl\/wp-content\/uploads\/2015\/02\/spadkowy-kwit2-300x128.jpg 300w, http:\/\/piekarscy.com.pl\/wp-content\/uploads\/2015\/02\/spadkowy-kwit2.jpg 1024w, http:\/\/piekarscy.com.pl\/wp-content\/uploads\/2015\/02\/spadkowy-kwit2-624x267.jpg 624w\" sizes=\"auto, (max-width: 300px) 100vw, 300px\" \/><\/a><\/p>\n","protected":false},"excerpt":{"rendered":"<p>Micha\u0142 Franciszek Piekarski na kilka lat przed \u015bmierci\u0105 dr\u017c\u0105c\u0105 r\u0119k\u0105 zapisa\u0142 ca\u0142y sw\u00f3j maj\u0105tek \u017conie Zofii ze Stalskich Piekarskiej. Tej, kt\u00f3ra da\u0142a mu jedena\u015bcioro dzieci i pomog\u0142a wychowa\u0107 dw\u00f3jk\u0119 z pierwszego ma\u0142\u017ce\u0144stwa. Wed\u0142ug dokument\u00f3w nie by\u0142 ju\u017c wtedy kowalem, a w\u0142a\u015bcicielem nieruchomo\u015bci przy ul. Chmielnej i to z wynajmu lokali przez ostatnie lata utrzymywa\u0142 rodzin\u0119. [&hellip;]<\/p>\n","protected":false},"author":1,"featured_media":0,"comment_status":"closed","ping_status":"closed","sticky":false,"template":"","format":"standard","meta":{"footnotes":""},"categories":[3],"tags":[80,526,32,30,33,527,525],"class_list":["post-4170","post","type-post","status-publish","format-standard","hentry","category-piekarscy","tag-dokument","tag-kwit","tag-ludwik-piekarski","tag-michal-franciszek-piekarski","tag-michal-piekarski","tag-oplata","tag-spadek"],"_links":{"self":[{"href":"http:\/\/piekarscy.com.pl\/index.php?rest_route=\/wp\/v2\/posts\/4170","targetHints":{"allow":["GET"]}}],"collection":[{"href":"http:\/\/piekarscy.com.pl\/index.php?rest_route=\/wp\/v2\/posts"}],"about":[{"href":"http:\/\/piekarscy.com.pl\/index.php?rest_route=\/wp\/v2\/types\/post"}],"author":[{"embeddable":true,"href":"http:\/\/piekarscy.com.pl\/index.php?rest_route=\/wp\/v2\/users\/1"}],"replies":[{"embeddable":true,"href":"http:\/\/piekarscy.com.pl\/index.php?rest_route=%2Fwp%2Fv2%2Fcomments&post=4170"}],"version-history":[{"count":1,"href":"http:\/\/piekarscy.com.pl\/index.php?rest_route=\/wp\/v2\/posts\/4170\/revisions"}],"predecessor-version":[{"id":4173,"href":"http:\/\/piekarscy.com.pl\/index.php?rest_route=\/wp\/v2\/posts\/4170\/revisions\/4173"}],"wp:attachment":[{"href":"http:\/\/piekarscy.com.pl\/index.php?rest_route=%2Fwp%2Fv2%2Fmedia&parent=4170"}],"wp:term":[{"taxonomy":"category","embeddable":true,"href":"http:\/\/piekarscy.com.pl\/index.php?rest_route=%2Fwp%2Fv2%2Fcategories&post=4170"},{"taxonomy":"post_tag","embeddable":true,"href":"http:\/\/piekarscy.com.pl\/index.php?rest_route=%2Fwp%2Fv2%2Ftags&post=4170"}],"curies":[{"name":"wp","href":"https:\/\/api.w.org\/{rel}","templated":true}]}}