{"id":4215,"date":"2015-03-22T00:16:40","date_gmt":"2015-03-22T00:16:40","guid":{"rendered":"http:\/\/piekarscy.com.pl\/?p=4215"},"modified":"2015-02-22T21:18:09","modified_gmt":"2015-02-22T21:18:09","slug":"rachunek-za-pogrzeb-franciszka","status":"publish","type":"post","link":"http:\/\/piekarscy.com.pl\/?p=4215","title":{"rendered":"Rachunek za pogrzeb Franciszka"},"content":{"rendered":"<p>Zupe\u0142nie nie wiem czemu rachunek jest wydstawiony kilka lat p\u00f3\u017aniej. Zgon mia\u0142 miejsce w 1873 roku.<\/p>\n<p><a href=\"http:\/\/piekarscy.com.pl\/wp-content\/uploads\/2015\/02\/rachunek-za-pogrzeb-franciszka.jpg\"><img loading=\"lazy\" decoding=\"async\" class=\"aligncenter size-medium wp-image-4210\" src=\"http:\/\/piekarscy.com.pl\/wp-content\/uploads\/2015\/02\/rachunek-za-pogrzeb-franciszka-148x300.jpg\" alt=\"rachunek za pogrzeb franciszka\" width=\"148\" height=\"300\" srcset=\"http:\/\/piekarscy.com.pl\/wp-content\/uploads\/2015\/02\/rachunek-za-pogrzeb-franciszka-148x300.jpg 148w, http:\/\/piekarscy.com.pl\/wp-content\/uploads\/2015\/02\/rachunek-za-pogrzeb-franciszka-505x1024.jpg 505w, http:\/\/piekarscy.com.pl\/wp-content\/uploads\/2015\/02\/rachunek-za-pogrzeb-franciszka-624x1266.jpg 624w\" sizes=\"auto, (max-width: 148px) 100vw, 148px\" \/><\/a><\/p>\n","protected":false},"excerpt":{"rendered":"<p>Zupe\u0142nie nie wiem czemu rachunek jest wydstawiony kilka lat p\u00f3\u017aniej. Zgon mia\u0142 miejsce w 1873 roku.<\/p>\n","protected":false},"author":1,"featured_media":0,"comment_status":"closed","ping_status":"closed","sticky":false,"template":"","format":"standard","meta":{"footnotes":""},"categories":[3],"tags":[541,526,385,274],"class_list":["post-4215","post","type-post","status-publish","format-standard","hentry","category-piekarscy","tag-franciszek-cyprian-piekarski","tag-kwit","tag-pogrzeb","tag-rachunek"],"_links":{"self":[{"href":"http:\/\/piekarscy.com.pl\/index.php?rest_route=\/wp\/v2\/posts\/4215","targetHints":{"allow":["GET"]}}],"collection":[{"href":"http:\/\/piekarscy.com.pl\/index.php?rest_route=\/wp\/v2\/posts"}],"about":[{"href":"http:\/\/piekarscy.com.pl\/index.php?rest_route=\/wp\/v2\/types\/post"}],"author":[{"embeddable":true,"href":"http:\/\/piekarscy.com.pl\/index.php?rest_route=\/wp\/v2\/users\/1"}],"replies":[{"embeddable":true,"href":"http:\/\/piekarscy.com.pl\/index.php?rest_route=%2Fwp%2Fv2%2Fcomments&post=4215"}],"version-history":[{"count":1,"href":"http:\/\/piekarscy.com.pl\/index.php?rest_route=\/wp\/v2\/posts\/4215\/revisions"}],"predecessor-version":[{"id":4216,"href":"http:\/\/piekarscy.com.pl\/index.php?rest_route=\/wp\/v2\/posts\/4215\/revisions\/4216"}],"wp:attachment":[{"href":"http:\/\/piekarscy.com.pl\/index.php?rest_route=%2Fwp%2Fv2%2Fmedia&parent=4215"}],"wp:term":[{"taxonomy":"category","embeddable":true,"href":"http:\/\/piekarscy.com.pl\/index.php?rest_route=%2Fwp%2Fv2%2Fcategories&post=4215"},{"taxonomy":"post_tag","embeddable":true,"href":"http:\/\/piekarscy.com.pl\/index.php?rest_route=%2Fwp%2Fv2%2Ftags&post=4215"}],"curies":[{"name":"wp","href":"https:\/\/api.w.org\/{rel}","templated":true}]}}