{"id":4220,"date":"2015-03-24T00:32:04","date_gmt":"2015-03-24T00:32:04","guid":{"rendered":"http:\/\/piekarscy.com.pl\/?p=4220"},"modified":"2015-02-22T21:43:33","modified_gmt":"2015-02-22T21:43:33","slug":"paszport-prapradziadka-michala","status":"publish","type":"post","link":"http:\/\/piekarscy.com.pl\/?p=4220","title":{"rendered":"Paszport prapradziadka Micha\u0142a"},"content":{"rendered":"<p>Paszport prapradziadka Micha\u0142a, kt\u00f3ry na zdj\u0119ciu ma ok. 75 lat. Zmar\u0142 maj\u0105c 96&#8230;\u00a0<a href=\"http:\/\/piekarscy.com.pl\/wp-content\/uploads\/2015\/02\/paszport-prapradziadka-michala.jpg\"><img loading=\"lazy\" decoding=\"async\" class=\"aligncenter size-medium wp-image-4221\" src=\"http:\/\/piekarscy.com.pl\/wp-content\/uploads\/2015\/02\/paszport-prapradziadka-michala-300x226.jpg\" alt=\"paszport prapradziadka michala\" width=\"300\" height=\"226\" srcset=\"http:\/\/piekarscy.com.pl\/wp-content\/uploads\/2015\/02\/paszport-prapradziadka-michala-300x226.jpg 300w, http:\/\/piekarscy.com.pl\/wp-content\/uploads\/2015\/02\/paszport-prapradziadka-michala-624x470.jpg 624w, http:\/\/piekarscy.com.pl\/wp-content\/uploads\/2015\/02\/paszport-prapradziadka-michala.jpg 1019w\" sizes=\"auto, (max-width: 300px) 100vw, 300px\" \/><\/a> <a href=\"http:\/\/piekarscy.com.pl\/wp-content\/uploads\/2015\/02\/paszport-prapradziadka-michala2.jpg\"><img loading=\"lazy\" decoding=\"async\" class=\"aligncenter size-medium wp-image-4222\" src=\"http:\/\/piekarscy.com.pl\/wp-content\/uploads\/2015\/02\/paszport-prapradziadka-michala2-300x223.jpg\" alt=\"paszport prapradziadka michala2\" width=\"300\" height=\"223\" srcset=\"http:\/\/piekarscy.com.pl\/wp-content\/uploads\/2015\/02\/paszport-prapradziadka-michala2-300x223.jpg 300w, http:\/\/piekarscy.com.pl\/wp-content\/uploads\/2015\/02\/paszport-prapradziadka-michala2-1024x760.jpg 1024w, http:\/\/piekarscy.com.pl\/wp-content\/uploads\/2015\/02\/paszport-prapradziadka-michala2-624x463.jpg 624w\" sizes=\"auto, (max-width: 300px) 100vw, 300px\" \/><\/a> <a href=\"http:\/\/piekarscy.com.pl\/wp-content\/uploads\/2015\/02\/paszport-prapradziadka-michala3.jpg\"><img loading=\"lazy\" decoding=\"async\" class=\"aligncenter size-medium wp-image-4223\" src=\"http:\/\/piekarscy.com.pl\/wp-content\/uploads\/2015\/02\/paszport-prapradziadka-michala3-300x220.jpg\" alt=\"paszport prapradziadka michala3\" width=\"300\" height=\"220\" srcset=\"http:\/\/piekarscy.com.pl\/wp-content\/uploads\/2015\/02\/paszport-prapradziadka-michala3-300x220.jpg 300w, http:\/\/piekarscy.com.pl\/wp-content\/uploads\/2015\/02\/paszport-prapradziadka-michala3-1024x750.jpg 1024w, http:\/\/piekarscy.com.pl\/wp-content\/uploads\/2015\/02\/paszport-prapradziadka-michala3-624x457.jpg 624w\" sizes=\"auto, (max-width: 300px) 100vw, 300px\" \/><\/a> <a href=\"http:\/\/piekarscy.com.pl\/wp-content\/uploads\/2015\/02\/paszport-prapradziadka-michala4.jpg\"><img loading=\"lazy\" decoding=\"async\" class=\"aligncenter size-medium wp-image-4224\" src=\"http:\/\/piekarscy.com.pl\/wp-content\/uploads\/2015\/02\/paszport-prapradziadka-michala4-300x224.jpg\" alt=\"paszport prapradziadka michala4\" width=\"300\" height=\"224\" srcset=\"http:\/\/piekarscy.com.pl\/wp-content\/uploads\/2015\/02\/paszport-prapradziadka-michala4-300x224.jpg 300w, http:\/\/piekarscy.com.pl\/wp-content\/uploads\/2015\/02\/paszport-prapradziadka-michala4-1024x764.jpg 1024w, http:\/\/piekarscy.com.pl\/wp-content\/uploads\/2015\/02\/paszport-prapradziadka-michala4-624x466.jpg 624w\" sizes=\"auto, (max-width: 300px) 100vw, 300px\" \/><\/a> <a href=\"http:\/\/piekarscy.com.pl\/wp-content\/uploads\/2015\/02\/paszport-prapradziadka-michala5.jpg\"><img loading=\"lazy\" decoding=\"async\" class=\"aligncenter size-medium wp-image-4225\" src=\"http:\/\/piekarscy.com.pl\/wp-content\/uploads\/2015\/02\/paszport-prapradziadka-michala5-300x229.jpg\" alt=\"paszport prapradziadka michala5\" width=\"300\" height=\"229\" srcset=\"http:\/\/piekarscy.com.pl\/wp-content\/uploads\/2015\/02\/paszport-prapradziadka-michala5-300x229.jpg 300w, http:\/\/piekarscy.com.pl\/wp-content\/uploads\/2015\/02\/paszport-prapradziadka-michala5-1024x783.jpg 1024w, http:\/\/piekarscy.com.pl\/wp-content\/uploads\/2015\/02\/paszport-prapradziadka-michala5-624x477.jpg 624w\" sizes=\"auto, (max-width: 300px) 100vw, 300px\" \/><\/a><\/p>\n","protected":false},"excerpt":{"rendered":"<p>Paszport prapradziadka Micha\u0142a, kt\u00f3ry na zdj\u0119ciu ma ok. 75 lat. Zmar\u0142 maj\u0105c 96&#8230;\u00a0<\/p>\n","protected":false},"author":1,"featured_media":0,"comment_status":"closed","ping_status":"closed","sticky":false,"template":"","format":"standard","meta":{"footnotes":""},"categories":[3],"tags":[30,33,168],"class_list":["post-4220","post","type-post","status-publish","format-standard","hentry","category-piekarscy","tag-michal-franciszek-piekarski","tag-michal-piekarski","tag-paszport"],"_links":{"self":[{"href":"http:\/\/piekarscy.com.pl\/index.php?rest_route=\/wp\/v2\/posts\/4220","targetHints":{"allow":["GET"]}}],"collection":[{"href":"http:\/\/piekarscy.com.pl\/index.php?rest_route=\/wp\/v2\/posts"}],"about":[{"href":"http:\/\/piekarscy.com.pl\/index.php?rest_route=\/wp\/v2\/types\/post"}],"author":[{"embeddable":true,"href":"http:\/\/piekarscy.com.pl\/index.php?rest_route=\/wp\/v2\/users\/1"}],"replies":[{"embeddable":true,"href":"http:\/\/piekarscy.com.pl\/index.php?rest_route=%2Fwp%2Fv2%2Fcomments&post=4220"}],"version-history":[{"count":1,"href":"http:\/\/piekarscy.com.pl\/index.php?rest_route=\/wp\/v2\/posts\/4220\/revisions"}],"predecessor-version":[{"id":4226,"href":"http:\/\/piekarscy.com.pl\/index.php?rest_route=\/wp\/v2\/posts\/4220\/revisions\/4226"}],"wp:attachment":[{"href":"http:\/\/piekarscy.com.pl\/index.php?rest_route=%2Fwp%2Fv2%2Fmedia&parent=4220"}],"wp:term":[{"taxonomy":"category","embeddable":true,"href":"http:\/\/piekarscy.com.pl\/index.php?rest_route=%2Fwp%2Fv2%2Fcategories&post=4220"},{"taxonomy":"post_tag","embeddable":true,"href":"http:\/\/piekarscy.com.pl\/index.php?rest_route=%2Fwp%2Fv2%2Ftags&post=4220"}],"curies":[{"name":"wp","href":"https:\/\/api.w.org\/{rel}","templated":true}]}}