{"id":4244,"date":"2015-03-27T00:05:15","date_gmt":"2015-03-27T00:05:15","guid":{"rendered":"http:\/\/piekarscy.com.pl\/?p=4244"},"modified":"2015-02-23T07:10:51","modified_gmt":"2015-02-23T07:10:51","slug":"smutna-pamiatka-po-zofii-ze-skrzyneckich","status":"publish","type":"post","link":"http:\/\/piekarscy.com.pl\/?p=4244","title":{"rendered":"Smutna pami\u0105tka po Zofii ze Skrzyneckich"},"content":{"rendered":"<p>Zofia ze Skrzyneckich Ruszczykowska &#8211; c\u00f3rka Marii z Gorczyckich rodzonej siostry mojej praprababci Stanis\u0142awy Anny sabiny z Gorczyckich Ruszczykowskiej i jednoczesnie zona jej syna Stanis\u0142awa Ruszczykowskiego musia\u0142a by\u0107 zawsze elegancka. Mnie ta koperta i jej zawarto\u015b\u0107 wzruszaj\u0105. Notatka na kopercie wykonana rek\u0105 jej c\u00f3rki &#8211; Stefanii z Ruszczykowskich Krosnowskiej.<\/p>\n<p><a href=\"http:\/\/piekarscy.com.pl\/wp-content\/uploads\/2015\/02\/koperta-kolnierzyka.jpg\"><img loading=\"lazy\" decoding=\"async\" class=\" size-medium wp-image-4246 aligncenter\" src=\"http:\/\/piekarscy.com.pl\/wp-content\/uploads\/2015\/02\/koperta-kolnierzyka-300x210.jpg\" alt=\"koperta kolnierzyka\" width=\"300\" height=\"210\" srcset=\"http:\/\/piekarscy.com.pl\/wp-content\/uploads\/2015\/02\/koperta-kolnierzyka-300x210.jpg 300w, http:\/\/piekarscy.com.pl\/wp-content\/uploads\/2015\/02\/koperta-kolnierzyka.jpg 1024w, http:\/\/piekarscy.com.pl\/wp-content\/uploads\/2015\/02\/koperta-kolnierzyka-624x438.jpg 624w\" sizes=\"auto, (max-width: 300px) 100vw, 300px\" \/><\/a><\/p>\n<p><a href=\"http:\/\/piekarscy.com.pl\/wp-content\/uploads\/2015\/02\/ko\u0142nierzyk-z-tasiemki-zofi-ruszczykowskiej.jpg\"><img loading=\"lazy\" decoding=\"async\" class=\"aligncenter size-medium wp-image-4245\" src=\"http:\/\/piekarscy.com.pl\/wp-content\/uploads\/2015\/02\/ko\u0142nierzyk-z-tasiemki-zofi-ruszczykowskiej-300x169.jpg\" alt=\"ko\u0142nierzyk z tasiemki zofi ruszczykowskiej\" width=\"300\" height=\"169\" srcset=\"http:\/\/piekarscy.com.pl\/wp-content\/uploads\/2015\/02\/ko\u0142nierzyk-z-tasiemki-zofi-ruszczykowskiej-300x169.jpg 300w, http:\/\/piekarscy.com.pl\/wp-content\/uploads\/2015\/02\/ko\u0142nierzyk-z-tasiemki-zofi-ruszczykowskiej-1024x578.jpg 1024w, http:\/\/piekarscy.com.pl\/wp-content\/uploads\/2015\/02\/ko\u0142nierzyk-z-tasiemki-zofi-ruszczykowskiej-624x352.jpg 624w\" sizes=\"auto, (max-width: 300px) 100vw, 300px\" \/><\/a><\/p>\n","protected":false},"excerpt":{"rendered":"<p>Zofia ze Skrzyneckich Ruszczykowska &#8211; c\u00f3rka Marii z Gorczyckich rodzonej siostry mojej praprababci Stanis\u0142awy Anny sabiny z Gorczyckich Ruszczykowskiej i jednoczesnie zona jej syna Stanis\u0142awa Ruszczykowskiego musia\u0142a by\u0107 zawsze elegancka. Mnie ta koperta i jej zawarto\u015b\u0107 wzruszaj\u0105. Notatka na kopercie wykonana rek\u0105 jej c\u00f3rki &#8211; Stefanii z Ruszczykowskich Krosnowskiej.<\/p>\n","protected":false},"author":1,"featured_media":0,"comment_status":"closed","ping_status":"closed","sticky":false,"template":"","format":"standard","meta":{"footnotes":""},"categories":[4,60],"tags":[548,512,50,549,66,61],"class_list":["post-4244","post","type-post","status-publish","format-standard","hentry","category-ruszczykowscy","category-skrzyneccy","tag-kolnierzyk","tag-koperta","tag-pamiatka","tag-tasiemka","tag-zofia-skrzynecka","tag-zofia-ze-skrzyneckich-ruszczykowska"],"_links":{"self":[{"href":"http:\/\/piekarscy.com.pl\/index.php?rest_route=\/wp\/v2\/posts\/4244","targetHints":{"allow":["GET"]}}],"collection":[{"href":"http:\/\/piekarscy.com.pl\/index.php?rest_route=\/wp\/v2\/posts"}],"about":[{"href":"http:\/\/piekarscy.com.pl\/index.php?rest_route=\/wp\/v2\/types\/post"}],"author":[{"embeddable":true,"href":"http:\/\/piekarscy.com.pl\/index.php?rest_route=\/wp\/v2\/users\/1"}],"replies":[{"embeddable":true,"href":"http:\/\/piekarscy.com.pl\/index.php?rest_route=%2Fwp%2Fv2%2Fcomments&post=4244"}],"version-history":[{"count":1,"href":"http:\/\/piekarscy.com.pl\/index.php?rest_route=\/wp\/v2\/posts\/4244\/revisions"}],"predecessor-version":[{"id":4247,"href":"http:\/\/piekarscy.com.pl\/index.php?rest_route=\/wp\/v2\/posts\/4244\/revisions\/4247"}],"wp:attachment":[{"href":"http:\/\/piekarscy.com.pl\/index.php?rest_route=%2Fwp%2Fv2%2Fmedia&parent=4244"}],"wp:term":[{"taxonomy":"category","embeddable":true,"href":"http:\/\/piekarscy.com.pl\/index.php?rest_route=%2Fwp%2Fv2%2Fcategories&post=4244"},{"taxonomy":"post_tag","embeddable":true,"href":"http:\/\/piekarscy.com.pl\/index.php?rest_route=%2Fwp%2Fv2%2Ftags&post=4244"}],"curies":[{"name":"wp","href":"https:\/\/api.w.org\/{rel}","templated":true}]}}