{"id":4252,"date":"2015-04-06T00:18:38","date_gmt":"2015-04-06T00:18:38","guid":{"rendered":"http:\/\/piekarscy.com.pl\/?p=4252"},"modified":"2015-04-06T06:56:03","modified_gmt":"2015-04-06T06:56:03","slug":"kalendarzyk-zofii-cz-1","status":"publish","type":"post","link":"http:\/\/piekarscy.com.pl\/?p=4252","title":{"rendered":"Kalendarzyk Zofii cz. 1"},"content":{"rendered":"<p>To Kalendarzyk Zofii ze Skrzyneckich Ruszczykowskiej. Notowa\u0142a w nim wiersze, kt\u00f3re jej sie podoba\u0142y, z\u0142ote my\u015bli i inne ciekawostki dla niej wa\u017cne. Oto pierwsza cz\u0119\u015b\u0107 notatek.\u00a0<a href=\"http:\/\/piekarscy.com.pl\/wp-content\/uploads\/2015\/02\/kalendarzyk-zofi-skrzyneckiej1.jpg\"><img loading=\"lazy\" decoding=\"async\" class=\"aligncenter size-medium wp-image-4306\" src=\"http:\/\/piekarscy.com.pl\/wp-content\/uploads\/2015\/02\/kalendarzyk-zofi-skrzyneckiej1-194x300.jpg\" alt=\"kalendarzyk zofi skrzyneckiej1\" width=\"194\" height=\"300\" srcset=\"http:\/\/piekarscy.com.pl\/wp-content\/uploads\/2015\/02\/kalendarzyk-zofi-skrzyneckiej1-194x300.jpg 194w, http:\/\/piekarscy.com.pl\/wp-content\/uploads\/2015\/02\/kalendarzyk-zofi-skrzyneckiej1.jpg 663w, http:\/\/piekarscy.com.pl\/wp-content\/uploads\/2015\/02\/kalendarzyk-zofi-skrzyneckiej1-624x964.jpg 624w\" sizes=\"auto, (max-width: 194px) 100vw, 194px\" \/><\/a> <a href=\"http:\/\/piekarscy.com.pl\/wp-content\/uploads\/2015\/02\/kalendarzyk-zofi-skrzyneckiej2.jpg\"><img loading=\"lazy\" decoding=\"async\" class=\"aligncenter size-medium wp-image-4307\" src=\"http:\/\/piekarscy.com.pl\/wp-content\/uploads\/2015\/02\/kalendarzyk-zofi-skrzyneckiej2-300x242.jpg\" alt=\"kalendarzyk zofi skrzyneckiej2\" width=\"300\" height=\"242\" srcset=\"http:\/\/piekarscy.com.pl\/wp-content\/uploads\/2015\/02\/kalendarzyk-zofi-skrzyneckiej2-300x242.jpg 300w, http:\/\/piekarscy.com.pl\/wp-content\/uploads\/2015\/02\/kalendarzyk-zofi-skrzyneckiej2-624x503.jpg 624w, http:\/\/piekarscy.com.pl\/wp-content\/uploads\/2015\/02\/kalendarzyk-zofi-skrzyneckiej2.jpg 953w\" sizes=\"auto, (max-width: 300px) 100vw, 300px\" \/><\/a> <a href=\"http:\/\/piekarscy.com.pl\/wp-content\/uploads\/2015\/02\/kalendarzyk-zofi-skrzyneckiej3.jpg\"><img loading=\"lazy\" decoding=\"async\" class=\"aligncenter size-medium wp-image-4308\" src=\"http:\/\/piekarscy.com.pl\/wp-content\/uploads\/2015\/02\/kalendarzyk-zofi-skrzyneckiej3-300x244.jpg\" alt=\"kalendarzyk zofi skrzyneckiej3\" width=\"300\" height=\"244\" srcset=\"http:\/\/piekarscy.com.pl\/wp-content\/uploads\/2015\/02\/kalendarzyk-zofi-skrzyneckiej3-300x244.jpg 300w, http:\/\/piekarscy.com.pl\/wp-content\/uploads\/2015\/02\/kalendarzyk-zofi-skrzyneckiej3-624x508.jpg 624w, http:\/\/piekarscy.com.pl\/wp-content\/uploads\/2015\/02\/kalendarzyk-zofi-skrzyneckiej3.jpg 944w\" sizes=\"auto, (max-width: 300px) 100vw, 300px\" \/><\/a> <a href=\"http:\/\/piekarscy.com.pl\/wp-content\/uploads\/2015\/02\/kalendarzyk-zofi-skrzyneckiej4.jpg\"><img loading=\"lazy\" decoding=\"async\" class=\"aligncenter size-medium wp-image-4309\" src=\"http:\/\/piekarscy.com.pl\/wp-content\/uploads\/2015\/02\/kalendarzyk-zofi-skrzyneckiej4-300x241.jpg\" alt=\"kalendarzyk zofi skrzyneckiej4\" width=\"300\" height=\"241\" srcset=\"http:\/\/piekarscy.com.pl\/wp-content\/uploads\/2015\/02\/kalendarzyk-zofi-skrzyneckiej4-300x241.jpg 300w, http:\/\/piekarscy.com.pl\/wp-content\/uploads\/2015\/02\/kalendarzyk-zofi-skrzyneckiej4-624x501.jpg 624w, http:\/\/piekarscy.com.pl\/wp-content\/uploads\/2015\/02\/kalendarzyk-zofi-skrzyneckiej4.jpg 957w\" sizes=\"auto, (max-width: 300px) 100vw, 300px\" \/><\/a> <a href=\"http:\/\/piekarscy.com.pl\/wp-content\/uploads\/2015\/02\/kalendarzyk-zofi-skrzyneckiej5.jpg\"><img loading=\"lazy\" decoding=\"async\" class=\"aligncenter size-medium wp-image-4310\" src=\"http:\/\/piekarscy.com.pl\/wp-content\/uploads\/2015\/02\/kalendarzyk-zofi-skrzyneckiej5-300x247.jpg\" alt=\"kalendarzyk zofi skrzyneckiej5\" width=\"300\" height=\"247\" srcset=\"http:\/\/piekarscy.com.pl\/wp-content\/uploads\/2015\/02\/kalendarzyk-zofi-skrzyneckiej5-300x247.jpg 300w, http:\/\/piekarscy.com.pl\/wp-content\/uploads\/2015\/02\/kalendarzyk-zofi-skrzyneckiej5-624x513.jpg 624w, http:\/\/piekarscy.com.pl\/wp-content\/uploads\/2015\/02\/kalendarzyk-zofi-skrzyneckiej5.jpg 934w\" sizes=\"auto, (max-width: 300px) 100vw, 300px\" \/><\/a> <a href=\"http:\/\/piekarscy.com.pl\/wp-content\/uploads\/2015\/02\/kalendarzyk-zofi-skrzyneckiej6.jpg\"><img loading=\"lazy\" decoding=\"async\" class=\"aligncenter size-medium wp-image-4311\" src=\"http:\/\/piekarscy.com.pl\/wp-content\/uploads\/2015\/02\/kalendarzyk-zofi-skrzyneckiej6-300x244.jpg\" alt=\"kalendarzyk zofi skrzyneckiej6\" width=\"300\" height=\"244\" srcset=\"http:\/\/piekarscy.com.pl\/wp-content\/uploads\/2015\/02\/kalendarzyk-zofi-skrzyneckiej6-300x244.jpg 300w, http:\/\/piekarscy.com.pl\/wp-content\/uploads\/2015\/02\/kalendarzyk-zofi-skrzyneckiej6-624x507.jpg 624w, http:\/\/piekarscy.com.pl\/wp-content\/uploads\/2015\/02\/kalendarzyk-zofi-skrzyneckiej6.jpg 946w\" sizes=\"auto, (max-width: 300px) 100vw, 300px\" \/><\/a> <a href=\"http:\/\/piekarscy.com.pl\/wp-content\/uploads\/2015\/02\/kalendarzyk-zofi-skrzyneckiej7.jpg\"><img loading=\"lazy\" decoding=\"async\" class=\"aligncenter size-medium wp-image-4312\" src=\"http:\/\/piekarscy.com.pl\/wp-content\/uploads\/2015\/02\/kalendarzyk-zofi-skrzyneckiej7-300x240.jpg\" alt=\"kalendarzyk zofi skrzyneckiej7\" width=\"300\" height=\"240\" srcset=\"http:\/\/piekarscy.com.pl\/wp-content\/uploads\/2015\/02\/kalendarzyk-zofi-skrzyneckiej7-300x240.jpg 300w, http:\/\/piekarscy.com.pl\/wp-content\/uploads\/2015\/02\/kalendarzyk-zofi-skrzyneckiej7-624x499.jpg 624w, http:\/\/piekarscy.com.pl\/wp-content\/uploads\/2015\/02\/kalendarzyk-zofi-skrzyneckiej7.jpg 960w\" sizes=\"auto, (max-width: 300px) 100vw, 300px\" \/><\/a> <a href=\"http:\/\/piekarscy.com.pl\/wp-content\/uploads\/2015\/02\/kalendarzyk-zofi-skrzyneckiej8.jpg\"><img loading=\"lazy\" decoding=\"async\" class=\"aligncenter size-medium wp-image-4313\" src=\"http:\/\/piekarscy.com.pl\/wp-content\/uploads\/2015\/02\/kalendarzyk-zofi-skrzyneckiej8-300x247.jpg\" alt=\"kalendarzyk zofi skrzyneckiej8\" width=\"300\" height=\"247\" srcset=\"http:\/\/piekarscy.com.pl\/wp-content\/uploads\/2015\/02\/kalendarzyk-zofi-skrzyneckiej8-300x247.jpg 300w, http:\/\/piekarscy.com.pl\/wp-content\/uploads\/2015\/02\/kalendarzyk-zofi-skrzyneckiej8-624x514.jpg 624w, http:\/\/piekarscy.com.pl\/wp-content\/uploads\/2015\/02\/kalendarzyk-zofi-skrzyneckiej8.jpg 932w\" sizes=\"auto, (max-width: 300px) 100vw, 300px\" \/><\/a> <a href=\"http:\/\/piekarscy.com.pl\/wp-content\/uploads\/2015\/02\/kalendarzyk-zofi-skrzyneckiej9.jpg\"><img loading=\"lazy\" decoding=\"async\" class=\"aligncenter size-medium wp-image-4314\" src=\"http:\/\/piekarscy.com.pl\/wp-content\/uploads\/2015\/02\/kalendarzyk-zofi-skrzyneckiej9-300x246.jpg\" alt=\"kalendarzyk zofi skrzyneckiej9\" width=\"300\" height=\"246\" srcset=\"http:\/\/piekarscy.com.pl\/wp-content\/uploads\/2015\/02\/kalendarzyk-zofi-skrzyneckiej9-300x246.jpg 300w, http:\/\/piekarscy.com.pl\/wp-content\/uploads\/2015\/02\/kalendarzyk-zofi-skrzyneckiej9-624x511.jpg 624w, http:\/\/piekarscy.com.pl\/wp-content\/uploads\/2015\/02\/kalendarzyk-zofi-skrzyneckiej9.jpg 938w\" sizes=\"auto, (max-width: 300px) 100vw, 300px\" \/><\/a><\/p>\n","protected":false},"excerpt":{"rendered":"<p>To Kalendarzyk Zofii ze Skrzyneckich Ruszczykowskiej. Notowa\u0142a w nim wiersze, kt\u00f3re jej sie podoba\u0142y, z\u0142ote my\u015bli i inne ciekawostki dla niej wa\u017cne. Oto pierwsza cz\u0119\u015b\u0107 notatek.\u00a0<\/p>\n","protected":false},"author":1,"featured_media":0,"comment_status":"closed","ping_status":"closed","sticky":false,"template":"","format":"standard","meta":{"footnotes":""},"categories":[4,60],"tags":[173,554,36,66,61],"class_list":["post-4252","post","type-post","status-publish","format-standard","hentry","category-ruszczykowscy","category-skrzyneccy","tag-kalendarzyk","tag-notesik","tag-zofia-ruszczykowska","tag-zofia-skrzynecka","tag-zofia-ze-skrzyneckich-ruszczykowska"],"_links":{"self":[{"href":"http:\/\/piekarscy.com.pl\/index.php?rest_route=\/wp\/v2\/posts\/4252","targetHints":{"allow":["GET"]}}],"collection":[{"href":"http:\/\/piekarscy.com.pl\/index.php?rest_route=\/wp\/v2\/posts"}],"about":[{"href":"http:\/\/piekarscy.com.pl\/index.php?rest_route=\/wp\/v2\/types\/post"}],"author":[{"embeddable":true,"href":"http:\/\/piekarscy.com.pl\/index.php?rest_route=\/wp\/v2\/users\/1"}],"replies":[{"embeddable":true,"href":"http:\/\/piekarscy.com.pl\/index.php?rest_route=%2Fwp%2Fv2%2Fcomments&post=4252"}],"version-history":[{"count":3,"href":"http:\/\/piekarscy.com.pl\/index.php?rest_route=\/wp\/v2\/posts\/4252\/revisions"}],"predecessor-version":[{"id":4431,"href":"http:\/\/piekarscy.com.pl\/index.php?rest_route=\/wp\/v2\/posts\/4252\/revisions\/4431"}],"wp:attachment":[{"href":"http:\/\/piekarscy.com.pl\/index.php?rest_route=%2Fwp%2Fv2%2Fmedia&parent=4252"}],"wp:term":[{"taxonomy":"category","embeddable":true,"href":"http:\/\/piekarscy.com.pl\/index.php?rest_route=%2Fwp%2Fv2%2Fcategories&post=4252"},{"taxonomy":"post_tag","embeddable":true,"href":"http:\/\/piekarscy.com.pl\/index.php?rest_route=%2Fwp%2Fv2%2Ftags&post=4252"}],"curies":[{"name":"wp","href":"https:\/\/api.w.org\/{rel}","templated":true}]}}