{"id":4305,"date":"2015-04-13T00:39:29","date_gmt":"2015-04-13T00:39:29","guid":{"rendered":"http:\/\/piekarscy.com.pl\/?p=4305"},"modified":"2015-04-13T17:55:32","modified_gmt":"2015-04-13T17:55:32","slug":"kalendarzyk-zofii-cz-2","status":"publish","type":"post","link":"http:\/\/piekarscy.com.pl\/?p=4305","title":{"rendered":"Kalendarzyk Zofii cz. 2"},"content":{"rendered":"<p>To Kalendarzyk Zofii ze Skrzyneckich Ruszczykowskiej. Notowa\u0142a w nim wiersze, kt\u00f3re jej sie podoba\u0142y, z\u0142ote my\u015bli i inne ciekawostki dla niej wazne. Oto druga\u00a0cz\u0119\u015b\u0107 notatek.<\/p>\n<p><a href=\"http:\/\/piekarscy.com.pl\/wp-content\/uploads\/2015\/02\/kalendarzyk-zofi-skrzyneckiej10.jpg\"><img loading=\"lazy\" decoding=\"async\" class=\"aligncenter size-medium wp-image-4315\" src=\"http:\/\/piekarscy.com.pl\/wp-content\/uploads\/2015\/02\/kalendarzyk-zofi-skrzyneckiej10-300x245.jpg\" alt=\"kalendarzyk zofi skrzyneckiej10\" width=\"300\" height=\"245\" srcset=\"http:\/\/piekarscy.com.pl\/wp-content\/uploads\/2015\/02\/kalendarzyk-zofi-skrzyneckiej10-300x245.jpg 300w, http:\/\/piekarscy.com.pl\/wp-content\/uploads\/2015\/02\/kalendarzyk-zofi-skrzyneckiej10-624x509.jpg 624w, http:\/\/piekarscy.com.pl\/wp-content\/uploads\/2015\/02\/kalendarzyk-zofi-skrzyneckiej10.jpg 941w\" sizes=\"auto, (max-width: 300px) 100vw, 300px\" \/><\/a> <a href=\"http:\/\/piekarscy.com.pl\/wp-content\/uploads\/2015\/02\/kalendarzyk-zofi-skrzyneckiej11.jpg\"><img loading=\"lazy\" decoding=\"async\" class=\"aligncenter size-medium wp-image-4316\" src=\"http:\/\/piekarscy.com.pl\/wp-content\/uploads\/2015\/02\/kalendarzyk-zofi-skrzyneckiej11-300x246.jpg\" alt=\"kalendarzyk zofi skrzyneckiej11\" width=\"300\" height=\"246\" srcset=\"http:\/\/piekarscy.com.pl\/wp-content\/uploads\/2015\/02\/kalendarzyk-zofi-skrzyneckiej11-300x246.jpg 300w, http:\/\/piekarscy.com.pl\/wp-content\/uploads\/2015\/02\/kalendarzyk-zofi-skrzyneckiej11-624x512.jpg 624w, http:\/\/piekarscy.com.pl\/wp-content\/uploads\/2015\/02\/kalendarzyk-zofi-skrzyneckiej11.jpg 936w\" sizes=\"auto, (max-width: 300px) 100vw, 300px\" \/><\/a> <a href=\"http:\/\/piekarscy.com.pl\/wp-content\/uploads\/2015\/02\/kalendarzyk-zofi-skrzyneckiej12.jpg\"><img loading=\"lazy\" decoding=\"async\" class=\"aligncenter size-medium wp-image-4317\" src=\"http:\/\/piekarscy.com.pl\/wp-content\/uploads\/2015\/02\/kalendarzyk-zofi-skrzyneckiej12-300x236.jpg\" alt=\"kalendarzyk zofi skrzyneckiej12\" width=\"300\" height=\"236\" srcset=\"http:\/\/piekarscy.com.pl\/wp-content\/uploads\/2015\/02\/kalendarzyk-zofi-skrzyneckiej12-300x236.jpg 300w, http:\/\/piekarscy.com.pl\/wp-content\/uploads\/2015\/02\/kalendarzyk-zofi-skrzyneckiej12-624x491.jpg 624w, http:\/\/piekarscy.com.pl\/wp-content\/uploads\/2015\/02\/kalendarzyk-zofi-skrzyneckiej12.jpg 977w\" sizes=\"auto, (max-width: 300px) 100vw, 300px\" \/><\/a> <a href=\"http:\/\/piekarscy.com.pl\/wp-content\/uploads\/2015\/02\/kalendarzyk-zofi-skrzyneckiej13.jpg\"><img loading=\"lazy\" decoding=\"async\" class=\"aligncenter size-medium wp-image-4318\" src=\"http:\/\/piekarscy.com.pl\/wp-content\/uploads\/2015\/02\/kalendarzyk-zofi-skrzyneckiej13-300x242.jpg\" alt=\"kalendarzyk zofi skrzyneckiej13\" width=\"300\" height=\"242\" srcset=\"http:\/\/piekarscy.com.pl\/wp-content\/uploads\/2015\/02\/kalendarzyk-zofi-skrzyneckiej13-300x242.jpg 300w, http:\/\/piekarscy.com.pl\/wp-content\/uploads\/2015\/02\/kalendarzyk-zofi-skrzyneckiej13-624x503.jpg 624w, http:\/\/piekarscy.com.pl\/wp-content\/uploads\/2015\/02\/kalendarzyk-zofi-skrzyneckiej13.jpg 952w\" sizes=\"auto, (max-width: 300px) 100vw, 300px\" \/><\/a> <a href=\"http:\/\/piekarscy.com.pl\/wp-content\/uploads\/2015\/02\/kalendarzyk-zofi-skrzyneckiej14.jpg\"><img loading=\"lazy\" decoding=\"async\" class=\"aligncenter size-medium wp-image-4319\" src=\"http:\/\/piekarscy.com.pl\/wp-content\/uploads\/2015\/02\/kalendarzyk-zofi-skrzyneckiej14-300x246.jpg\" alt=\"kalendarzyk zofi skrzyneckiej14\" width=\"300\" height=\"246\" srcset=\"http:\/\/piekarscy.com.pl\/wp-content\/uploads\/2015\/02\/kalendarzyk-zofi-skrzyneckiej14-300x246.jpg 300w, http:\/\/piekarscy.com.pl\/wp-content\/uploads\/2015\/02\/kalendarzyk-zofi-skrzyneckiej14-1024x841.jpg 1024w, http:\/\/piekarscy.com.pl\/wp-content\/uploads\/2015\/02\/kalendarzyk-zofi-skrzyneckiej14-624x512.jpg 624w\" sizes=\"auto, (max-width: 300px) 100vw, 300px\" \/><\/a> <a href=\"http:\/\/piekarscy.com.pl\/wp-content\/uploads\/2015\/02\/kalendarzyk-zofi-skrzyneckiej15.jpg\"><img loading=\"lazy\" decoding=\"async\" class=\"aligncenter size-medium wp-image-4320\" src=\"http:\/\/piekarscy.com.pl\/wp-content\/uploads\/2015\/02\/kalendarzyk-zofi-skrzyneckiej15-300x245.jpg\" alt=\"kalendarzyk zofi skrzyneckiej15\" width=\"300\" height=\"245\" srcset=\"http:\/\/piekarscy.com.pl\/wp-content\/uploads\/2015\/02\/kalendarzyk-zofi-skrzyneckiej15-300x245.jpg 300w, http:\/\/piekarscy.com.pl\/wp-content\/uploads\/2015\/02\/kalendarzyk-zofi-skrzyneckiej15-624x510.jpg 624w, http:\/\/piekarscy.com.pl\/wp-content\/uploads\/2015\/02\/kalendarzyk-zofi-skrzyneckiej15.jpg 939w\" sizes=\"auto, (max-width: 300px) 100vw, 300px\" \/><\/a> <a href=\"http:\/\/piekarscy.com.pl\/wp-content\/uploads\/2015\/02\/kalendarzyk-zofi-skrzyneckiej16.jpg\"><img loading=\"lazy\" decoding=\"async\" class=\"aligncenter size-medium wp-image-4321\" src=\"http:\/\/piekarscy.com.pl\/wp-content\/uploads\/2015\/02\/kalendarzyk-zofi-skrzyneckiej16-300x248.jpg\" alt=\"kalendarzyk zofi skrzyneckiej16\" width=\"300\" height=\"248\" srcset=\"http:\/\/piekarscy.com.pl\/wp-content\/uploads\/2015\/02\/kalendarzyk-zofi-skrzyneckiej16-300x248.jpg 300w, http:\/\/piekarscy.com.pl\/wp-content\/uploads\/2015\/02\/kalendarzyk-zofi-skrzyneckiej16-624x516.jpg 624w, http:\/\/piekarscy.com.pl\/wp-content\/uploads\/2015\/02\/kalendarzyk-zofi-skrzyneckiej16.jpg 928w\" sizes=\"auto, (max-width: 300px) 100vw, 300px\" \/><\/a> <a href=\"http:\/\/piekarscy.com.pl\/wp-content\/uploads\/2015\/02\/kalendarzyk-zofi-skrzyneckiej17.jpg\"><img loading=\"lazy\" decoding=\"async\" class=\"aligncenter size-medium wp-image-4322\" src=\"http:\/\/piekarscy.com.pl\/wp-content\/uploads\/2015\/02\/kalendarzyk-zofi-skrzyneckiej17-300x249.jpg\" alt=\"kalendarzyk zofi skrzyneckiej17\" width=\"300\" height=\"249\" srcset=\"http:\/\/piekarscy.com.pl\/wp-content\/uploads\/2015\/02\/kalendarzyk-zofi-skrzyneckiej17-300x249.jpg 300w, http:\/\/piekarscy.com.pl\/wp-content\/uploads\/2015\/02\/kalendarzyk-zofi-skrzyneckiej17-624x518.jpg 624w, http:\/\/piekarscy.com.pl\/wp-content\/uploads\/2015\/02\/kalendarzyk-zofi-skrzyneckiej17.jpg 926w\" sizes=\"auto, (max-width: 300px) 100vw, 300px\" \/><\/a> <a href=\"http:\/\/piekarscy.com.pl\/wp-content\/uploads\/2015\/02\/kalendarzyk-zofi-skrzyneckiej18.jpg\"><img loading=\"lazy\" decoding=\"async\" class=\"aligncenter size-medium wp-image-4323\" src=\"http:\/\/piekarscy.com.pl\/wp-content\/uploads\/2015\/02\/kalendarzyk-zofi-skrzyneckiej18-300x243.jpg\" alt=\"kalendarzyk zofi skrzyneckiej18\" width=\"300\" height=\"243\" srcset=\"http:\/\/piekarscy.com.pl\/wp-content\/uploads\/2015\/02\/kalendarzyk-zofi-skrzyneckiej18-300x243.jpg 300w, http:\/\/piekarscy.com.pl\/wp-content\/uploads\/2015\/02\/kalendarzyk-zofi-skrzyneckiej18-624x505.jpg 624w, http:\/\/piekarscy.com.pl\/wp-content\/uploads\/2015\/02\/kalendarzyk-zofi-skrzyneckiej18.jpg 949w\" sizes=\"auto, (max-width: 300px) 100vw, 300px\" \/><\/a><\/p>\n","protected":false},"excerpt":{"rendered":"<p>To Kalendarzyk Zofii ze Skrzyneckich Ruszczykowskiej. Notowa\u0142a w nim wiersze, kt\u00f3re jej sie podoba\u0142y, z\u0142ote my\u015bli i inne ciekawostki dla niej wazne. Oto druga\u00a0cz\u0119\u015b\u0107 notatek.<\/p>\n","protected":false},"author":1,"featured_media":0,"comment_status":"closed","ping_status":"closed","sticky":false,"template":"","format":"standard","meta":{"footnotes":""},"categories":[4,60],"tags":[173,554,36,66,61],"class_list":["post-4305","post","type-post","status-publish","format-standard","hentry","category-ruszczykowscy","category-skrzyneccy","tag-kalendarzyk","tag-notesik","tag-zofia-ruszczykowska","tag-zofia-skrzynecka","tag-zofia-ze-skrzyneckich-ruszczykowska"],"_links":{"self":[{"href":"http:\/\/piekarscy.com.pl\/index.php?rest_route=\/wp\/v2\/posts\/4305","targetHints":{"allow":["GET"]}}],"collection":[{"href":"http:\/\/piekarscy.com.pl\/index.php?rest_route=\/wp\/v2\/posts"}],"about":[{"href":"http:\/\/piekarscy.com.pl\/index.php?rest_route=\/wp\/v2\/types\/post"}],"author":[{"embeddable":true,"href":"http:\/\/piekarscy.com.pl\/index.php?rest_route=\/wp\/v2\/users\/1"}],"replies":[{"embeddable":true,"href":"http:\/\/piekarscy.com.pl\/index.php?rest_route=%2Fwp%2Fv2%2Fcomments&post=4305"}],"version-history":[{"count":2,"href":"http:\/\/piekarscy.com.pl\/index.php?rest_route=\/wp\/v2\/posts\/4305\/revisions"}],"predecessor-version":[{"id":4459,"href":"http:\/\/piekarscy.com.pl\/index.php?rest_route=\/wp\/v2\/posts\/4305\/revisions\/4459"}],"wp:attachment":[{"href":"http:\/\/piekarscy.com.pl\/index.php?rest_route=%2Fwp%2Fv2%2Fmedia&parent=4305"}],"wp:term":[{"taxonomy":"category","embeddable":true,"href":"http:\/\/piekarscy.com.pl\/index.php?rest_route=%2Fwp%2Fv2%2Fcategories&post=4305"},{"taxonomy":"post_tag","embeddable":true,"href":"http:\/\/piekarscy.com.pl\/index.php?rest_route=%2Fwp%2Fv2%2Ftags&post=4305"}],"curies":[{"name":"wp","href":"https:\/\/api.w.org\/{rel}","templated":true}]}}