{"id":4326,"date":"2015-04-07T00:45:50","date_gmt":"2015-04-07T00:45:50","guid":{"rendered":"http:\/\/piekarscy.com.pl\/?p=4326"},"modified":"2015-02-23T13:37:06","modified_gmt":"2015-02-23T13:37:06","slug":"mowa-pradziadka-ludwika-na-pogrzebie-rafala-szymanskiego","status":"publish","type":"post","link":"http:\/\/piekarscy.com.pl\/?p=4326","title":{"rendered":"Mowa pradziadka Ludwika na pogrzebie Rafa\u0142a Szyma\u0144skiego"},"content":{"rendered":"<p>Pogrzeb Rafa\u0142a Szyma\u0144skiego dzia\u0142acza polonijnego mia\u0142 miejsce w Tyflisie w roku 1918. oto co nad jego grobem powiedzia\u0142 m\u00f3j pradziadek Ludwik Piekarski.<\/p>\n<p><a href=\"http:\/\/piekarscy.com.pl\/wp-content\/uploads\/2015\/02\/zalobna-mowa-ludwika-1.jpg\"><img loading=\"lazy\" decoding=\"async\" class=\"aligncenter size-medium wp-image-4327\" src=\"http:\/\/piekarscy.com.pl\/wp-content\/uploads\/2015\/02\/zalobna-mowa-ludwika-1-204x300.jpg\" alt=\"zalobna mowa ludwika 1\" width=\"204\" height=\"300\" srcset=\"http:\/\/piekarscy.com.pl\/wp-content\/uploads\/2015\/02\/zalobna-mowa-ludwika-1-204x300.jpg 204w, http:\/\/piekarscy.com.pl\/wp-content\/uploads\/2015\/02\/zalobna-mowa-ludwika-1.jpg 698w, http:\/\/piekarscy.com.pl\/wp-content\/uploads\/2015\/02\/zalobna-mowa-ludwika-1-624x915.jpg 624w\" sizes=\"auto, (max-width: 204px) 100vw, 204px\" \/><\/a> <a href=\"http:\/\/piekarscy.com.pl\/wp-content\/uploads\/2015\/02\/zalobna-mowa-ludwika-2.jpg\"><img loading=\"lazy\" decoding=\"async\" class=\"aligncenter size-medium wp-image-4328\" src=\"http:\/\/piekarscy.com.pl\/wp-content\/uploads\/2015\/02\/zalobna-mowa-ludwika-2-300x241.jpg\" alt=\"zalobna mowa ludwika 2\" width=\"300\" height=\"241\" srcset=\"http:\/\/piekarscy.com.pl\/wp-content\/uploads\/2015\/02\/zalobna-mowa-ludwika-2-300x241.jpg 300w, http:\/\/piekarscy.com.pl\/wp-content\/uploads\/2015\/02\/zalobna-mowa-ludwika-2-624x501.jpg 624w, http:\/\/piekarscy.com.pl\/wp-content\/uploads\/2015\/02\/zalobna-mowa-ludwika-2.jpg 956w\" sizes=\"auto, (max-width: 300px) 100vw, 300px\" \/><\/a> <a href=\"http:\/\/piekarscy.com.pl\/wp-content\/uploads\/2015\/02\/zalobna-mowa-ludwika-3.jpg\"><img loading=\"lazy\" decoding=\"async\" class=\"aligncenter size-medium wp-image-4329\" src=\"http:\/\/piekarscy.com.pl\/wp-content\/uploads\/2015\/02\/zalobna-mowa-ludwika-3-300x238.jpg\" alt=\"zalobna mowa ludwika 3\" width=\"300\" height=\"238\" srcset=\"http:\/\/piekarscy.com.pl\/wp-content\/uploads\/2015\/02\/zalobna-mowa-ludwika-3-300x238.jpg 300w, http:\/\/piekarscy.com.pl\/wp-content\/uploads\/2015\/02\/zalobna-mowa-ludwika-3-624x496.jpg 624w, http:\/\/piekarscy.com.pl\/wp-content\/uploads\/2015\/02\/zalobna-mowa-ludwika-3.jpg 967w\" sizes=\"auto, (max-width: 300px) 100vw, 300px\" \/><\/a> <a href=\"http:\/\/piekarscy.com.pl\/wp-content\/uploads\/2015\/02\/zalobna-mowa-ludwika-4.jpg\"><img loading=\"lazy\" decoding=\"async\" class=\"aligncenter size-medium wp-image-4330\" src=\"http:\/\/piekarscy.com.pl\/wp-content\/uploads\/2015\/02\/zalobna-mowa-ludwika-4-300x239.jpg\" alt=\"zalobna mowa ludwika 4\" width=\"300\" height=\"239\" srcset=\"http:\/\/piekarscy.com.pl\/wp-content\/uploads\/2015\/02\/zalobna-mowa-ludwika-4-300x239.jpg 300w, http:\/\/piekarscy.com.pl\/wp-content\/uploads\/2015\/02\/zalobna-mowa-ludwika-4-624x496.jpg 624w, http:\/\/piekarscy.com.pl\/wp-content\/uploads\/2015\/02\/zalobna-mowa-ludwika-4.jpg 966w\" sizes=\"auto, (max-width: 300px) 100vw, 300px\" \/><\/a> <a href=\"http:\/\/piekarscy.com.pl\/wp-content\/uploads\/2015\/02\/zalobna-mowa-ludwika-5.jpg\"><img loading=\"lazy\" decoding=\"async\" class=\"aligncenter size-medium wp-image-4331\" src=\"http:\/\/piekarscy.com.pl\/wp-content\/uploads\/2015\/02\/zalobna-mowa-ludwika-5-300x247.jpg\" alt=\"zalobna mowa ludwika 5\" width=\"300\" height=\"247\" srcset=\"http:\/\/piekarscy.com.pl\/wp-content\/uploads\/2015\/02\/zalobna-mowa-ludwika-5-300x247.jpg 300w, http:\/\/piekarscy.com.pl\/wp-content\/uploads\/2015\/02\/zalobna-mowa-ludwika-5-624x513.jpg 624w, http:\/\/piekarscy.com.pl\/wp-content\/uploads\/2015\/02\/zalobna-mowa-ludwika-5.jpg 934w\" sizes=\"auto, (max-width: 300px) 100vw, 300px\" \/><\/a> <a href=\"http:\/\/piekarscy.com.pl\/wp-content\/uploads\/2015\/02\/zalobna-mowa-ludwika-6.jpg\"><img loading=\"lazy\" decoding=\"async\" class=\"aligncenter size-medium wp-image-4332\" src=\"http:\/\/piekarscy.com.pl\/wp-content\/uploads\/2015\/02\/zalobna-mowa-ludwika-6-300x234.jpg\" alt=\"zalobna mowa ludwika 6\" width=\"300\" height=\"234\" srcset=\"http:\/\/piekarscy.com.pl\/wp-content\/uploads\/2015\/02\/zalobna-mowa-ludwika-6-300x234.jpg 300w, http:\/\/piekarscy.com.pl\/wp-content\/uploads\/2015\/02\/zalobna-mowa-ludwika-6-624x486.jpg 624w, http:\/\/piekarscy.com.pl\/wp-content\/uploads\/2015\/02\/zalobna-mowa-ludwika-6.jpg 986w\" sizes=\"auto, (max-width: 300px) 100vw, 300px\" \/><\/a> <a href=\"http:\/\/piekarscy.com.pl\/wp-content\/uploads\/2015\/02\/zalobna-mowa-ludwika-7.jpg\"><img loading=\"lazy\" decoding=\"async\" class=\"aligncenter size-medium wp-image-4333\" src=\"http:\/\/piekarscy.com.pl\/wp-content\/uploads\/2015\/02\/zalobna-mowa-ludwika-7-300x232.jpg\" alt=\"zalobna mowa ludwika 7\" width=\"300\" height=\"232\" srcset=\"http:\/\/piekarscy.com.pl\/wp-content\/uploads\/2015\/02\/zalobna-mowa-ludwika-7-300x232.jpg 300w, http:\/\/piekarscy.com.pl\/wp-content\/uploads\/2015\/02\/zalobna-mowa-ludwika-7-624x484.jpg 624w, http:\/\/piekarscy.com.pl\/wp-content\/uploads\/2015\/02\/zalobna-mowa-ludwika-7.jpg 991w\" sizes=\"auto, (max-width: 300px) 100vw, 300px\" \/><\/a> <a href=\"http:\/\/piekarscy.com.pl\/wp-content\/uploads\/2015\/02\/zalobna-mowa-ludwika-8.jpg\"><img loading=\"lazy\" decoding=\"async\" class=\"aligncenter size-medium wp-image-4334\" src=\"http:\/\/piekarscy.com.pl\/wp-content\/uploads\/2015\/02\/zalobna-mowa-ludwika-8-203x300.jpg\" alt=\"zalobna mowa ludwika 8\" width=\"203\" height=\"300\" srcset=\"http:\/\/piekarscy.com.pl\/wp-content\/uploads\/2015\/02\/zalobna-mowa-ludwika-8-203x300.jpg 203w, http:\/\/piekarscy.com.pl\/wp-content\/uploads\/2015\/02\/zalobna-mowa-ludwika-8.jpg 693w, http:\/\/piekarscy.com.pl\/wp-content\/uploads\/2015\/02\/zalobna-mowa-ludwika-8-624x922.jpg 624w\" sizes=\"auto, (max-width: 203px) 100vw, 203px\" \/><\/a><\/p>\n","protected":false},"excerpt":{"rendered":"<p>Pogrzeb Rafa\u0142a Szyma\u0144skiego dzia\u0142acza polonijnego mia\u0142 miejsce w Tyflisie w roku 1918. oto co nad jego grobem powiedzia\u0142 m\u00f3j pradziadek Ludwik Piekarski.<\/p>\n","protected":false},"author":1,"featured_media":0,"comment_status":"closed","ping_status":"closed","sticky":false,"template":"","format":"standard","meta":{"footnotes":""},"categories":[3],"tags":[32,29,39,568,569,136],"class_list":["post-4326","post","type-post","status-publish","format-standard","hentry","category-piekarscy","tag-ludwik-piekarski","tag-ludwik-roch-piekarski","tag-ludwik-rola-piekarski","tag-mowa-pogrzebowa","tag-rafal-szymanski","tag-tyflis"],"_links":{"self":[{"href":"http:\/\/piekarscy.com.pl\/index.php?rest_route=\/wp\/v2\/posts\/4326","targetHints":{"allow":["GET"]}}],"collection":[{"href":"http:\/\/piekarscy.com.pl\/index.php?rest_route=\/wp\/v2\/posts"}],"about":[{"href":"http:\/\/piekarscy.com.pl\/index.php?rest_route=\/wp\/v2\/types\/post"}],"author":[{"embeddable":true,"href":"http:\/\/piekarscy.com.pl\/index.php?rest_route=\/wp\/v2\/users\/1"}],"replies":[{"embeddable":true,"href":"http:\/\/piekarscy.com.pl\/index.php?rest_route=%2Fwp%2Fv2%2Fcomments&post=4326"}],"version-history":[{"count":1,"href":"http:\/\/piekarscy.com.pl\/index.php?rest_route=\/wp\/v2\/posts\/4326\/revisions"}],"predecessor-version":[{"id":4335,"href":"http:\/\/piekarscy.com.pl\/index.php?rest_route=\/wp\/v2\/posts\/4326\/revisions\/4335"}],"wp:attachment":[{"href":"http:\/\/piekarscy.com.pl\/index.php?rest_route=%2Fwp%2Fv2%2Fmedia&parent=4326"}],"wp:term":[{"taxonomy":"category","embeddable":true,"href":"http:\/\/piekarscy.com.pl\/index.php?rest_route=%2Fwp%2Fv2%2Fcategories&post=4326"},{"taxonomy":"post_tag","embeddable":true,"href":"http:\/\/piekarscy.com.pl\/index.php?rest_route=%2Fwp%2Fv2%2Ftags&post=4326"}],"curies":[{"name":"wp","href":"https:\/\/api.w.org\/{rel}","templated":true}]}}