{"id":4611,"date":"2015-05-16T00:52:50","date_gmt":"2015-05-16T00:52:50","guid":{"rendered":"http:\/\/piekarscy.com.pl\/?p=4611"},"modified":"2015-05-15T20:56:04","modified_gmt":"2015-05-15T20:56:04","slug":"poswiecenie-dzwonnicy-na-sadybie","status":"publish","type":"post","link":"http:\/\/piekarscy.com.pl\/?p=4611","title":{"rendered":"Po\u015bwi\u0119cenie dzwonnicy na Sadybie"},"content":{"rendered":"<p>Zanim powsta\u0142 ko\u015bci\u00f3\u0142 w kt\u00f3rym by\u0142am chrzczona&#8230; Parafia \u015bw. Tadeusza Judy, Warszawa-Sadyba, ul. Goraszewska. Do tego ko\u015bcio\u0142a chodzi\u0142a babcia Janka, dziadek Bronis\u0142aw\u00a0oraz m\u00f3j Tato i Stryj.\u00a0<a href=\"http:\/\/piekarscy.com.pl\/wp-content\/uploads\/2015\/05\/zdjecie0006.jpg\"><img loading=\"lazy\" decoding=\"async\" class=\"aligncenter size-medium wp-image-4612\" src=\"http:\/\/piekarscy.com.pl\/wp-content\/uploads\/2015\/05\/zdjecie0006-184x300.jpg\" alt=\"zdjecie0006\" width=\"184\" height=\"300\" srcset=\"http:\/\/piekarscy.com.pl\/wp-content\/uploads\/2015\/05\/zdjecie0006-184x300.jpg 184w, http:\/\/piekarscy.com.pl\/wp-content\/uploads\/2015\/05\/zdjecie0006-629x1024.jpg 629w, http:\/\/piekarscy.com.pl\/wp-content\/uploads\/2015\/05\/zdjecie0006-624x1015.jpg 624w, http:\/\/piekarscy.com.pl\/wp-content\/uploads\/2015\/05\/zdjecie0006.jpg 687w\" sizes=\"auto, (max-width: 184px) 100vw, 184px\" \/><\/a> <a href=\"http:\/\/piekarscy.com.pl\/wp-content\/uploads\/2015\/05\/zdjecie0011.jpg\"><img loading=\"lazy\" decoding=\"async\" class=\"aligncenter size-medium wp-image-4613\" src=\"http:\/\/piekarscy.com.pl\/wp-content\/uploads\/2015\/05\/zdjecie0011-300x186.jpg\" alt=\"zdjecie0011\" width=\"300\" height=\"186\" srcset=\"http:\/\/piekarscy.com.pl\/wp-content\/uploads\/2015\/05\/zdjecie0011-300x186.jpg 300w, http:\/\/piekarscy.com.pl\/wp-content\/uploads\/2015\/05\/zdjecie0011-1024x636.jpg 1024w, http:\/\/piekarscy.com.pl\/wp-content\/uploads\/2015\/05\/zdjecie0011-624x387.jpg 624w, http:\/\/piekarscy.com.pl\/wp-content\/uploads\/2015\/05\/zdjecie0011.jpg 1110w\" sizes=\"auto, (max-width: 300px) 100vw, 300px\" \/><\/a><\/p>\n","protected":false},"excerpt":{"rendered":"<p>Zanim powsta\u0142 ko\u015bci\u00f3\u0142 w kt\u00f3rym by\u0142am chrzczona&#8230; Parafia \u015bw. Tadeusza Judy, Warszawa-Sadyba, ul. Goraszewska. Do tego ko\u015bcio\u0142a chodzi\u0142a babcia Janka, dziadek Bronis\u0142aw\u00a0oraz m\u00f3j Tato i Stryj.\u00a0<\/p>\n","protected":false},"author":1,"featured_media":0,"comment_status":"closed","ping_status":"closed","sticky":false,"template":"","format":"standard","meta":{"footnotes":""},"categories":[3],"tags":[291,22,24,23,140,139],"class_list":["post-4611","post","type-post","status-publish","format-standard","hentry","category-piekarscy","tag-bronislaw-antoni-piekarski","tag-janina-adamska","tag-janina-piekarska","tag-janina-z-adamskich-piekarska","tag-maciej-pawel-piekarski","tag-maciej-piekarski"],"_links":{"self":[{"href":"http:\/\/piekarscy.com.pl\/index.php?rest_route=\/wp\/v2\/posts\/4611","targetHints":{"allow":["GET"]}}],"collection":[{"href":"http:\/\/piekarscy.com.pl\/index.php?rest_route=\/wp\/v2\/posts"}],"about":[{"href":"http:\/\/piekarscy.com.pl\/index.php?rest_route=\/wp\/v2\/types\/post"}],"author":[{"embeddable":true,"href":"http:\/\/piekarscy.com.pl\/index.php?rest_route=\/wp\/v2\/users\/1"}],"replies":[{"embeddable":true,"href":"http:\/\/piekarscy.com.pl\/index.php?rest_route=%2Fwp%2Fv2%2Fcomments&post=4611"}],"version-history":[{"count":1,"href":"http:\/\/piekarscy.com.pl\/index.php?rest_route=\/wp\/v2\/posts\/4611\/revisions"}],"predecessor-version":[{"id":4614,"href":"http:\/\/piekarscy.com.pl\/index.php?rest_route=\/wp\/v2\/posts\/4611\/revisions\/4614"}],"wp:attachment":[{"href":"http:\/\/piekarscy.com.pl\/index.php?rest_route=%2Fwp%2Fv2%2Fmedia&parent=4611"}],"wp:term":[{"taxonomy":"category","embeddable":true,"href":"http:\/\/piekarscy.com.pl\/index.php?rest_route=%2Fwp%2Fv2%2Fcategories&post=4611"},{"taxonomy":"post_tag","embeddable":true,"href":"http:\/\/piekarscy.com.pl\/index.php?rest_route=%2Fwp%2Fv2%2Ftags&post=4611"}],"curies":[{"name":"wp","href":"https:\/\/api.w.org\/{rel}","templated":true}]}}