{"id":5488,"date":"2015-09-27T00:33:59","date_gmt":"2015-09-27T00:33:59","guid":{"rendered":"http:\/\/piekarscy.com.pl\/?p=5488"},"modified":"2015-09-11T11:32:48","modified_gmt":"2015-09-11T11:32:48","slug":"legitymacja-ubezpieczeniowa-dziadkow","status":"publish","type":"post","link":"http:\/\/piekarscy.com.pl\/?p=5488","title":{"rendered":"Legitymacja ubezpieczeniowa dziadk\u00f3w"},"content":{"rendered":"<p>To legitymacja ubezpieczeniowa moich dziadk\u00f3w Bronis\u0142awa i janiny Piekarskich. legitymacja jest z okresu II wojny \u015bwiatowej z czasu, kiedy po powstaniu warszawskim zostali wywiezieni do Cz\u0119stochowy. Na li\u015bcie os\u00f3b pod opiek\u0105 s\u0105 m\u00f3j ojciec &#8211; Maciej Piekarski, m\u00f3j stryj &#8211; Bronis\u0142aw Piekarski oraz m\u00f3j przyszywany stryj &#8211; Jan Tch\u00f3rz, czyli dziecko zamojszczyzny\u00a0adoptowane przez dziadk\u00f3w w czasie wojny.\u00a0<a href=\"http:\/\/piekarscy.com.pl\/wp-content\/uploads\/2015\/09\/legitymacja-ubezpieczeniowa-dziadkow1.jpg\"><img loading=\"lazy\" decoding=\"async\" class=\"aligncenter size-medium wp-image-5489\" src=\"http:\/\/piekarscy.com.pl\/wp-content\/uploads\/2015\/09\/legitymacja-ubezpieczeniowa-dziadkow1-300x223.jpg\" alt=\"legitymacja ubezpieczeniowa dziadkow1\" width=\"300\" height=\"223\" srcset=\"http:\/\/piekarscy.com.pl\/wp-content\/uploads\/2015\/09\/legitymacja-ubezpieczeniowa-dziadkow1-300x223.jpg 300w, http:\/\/piekarscy.com.pl\/wp-content\/uploads\/2015\/09\/legitymacja-ubezpieczeniowa-dziadkow1-1024x761.jpg 1024w, http:\/\/piekarscy.com.pl\/wp-content\/uploads\/2015\/09\/legitymacja-ubezpieczeniowa-dziadkow1-624x464.jpg 624w\" sizes=\"auto, (max-width: 300px) 100vw, 300px\" \/><\/a> <a href=\"http:\/\/piekarscy.com.pl\/wp-content\/uploads\/2015\/09\/legitymacja-ubezpieczeniowa-dziadkow2.jpg\"><img loading=\"lazy\" decoding=\"async\" class=\"aligncenter size-medium wp-image-5490\" src=\"http:\/\/piekarscy.com.pl\/wp-content\/uploads\/2015\/09\/legitymacja-ubezpieczeniowa-dziadkow2-300x216.jpg\" alt=\"legitymacja ubezpieczeniowa dziadkow2\" width=\"300\" height=\"216\" srcset=\"http:\/\/piekarscy.com.pl\/wp-content\/uploads\/2015\/09\/legitymacja-ubezpieczeniowa-dziadkow2-300x216.jpg 300w, http:\/\/piekarscy.com.pl\/wp-content\/uploads\/2015\/09\/legitymacja-ubezpieczeniowa-dziadkow2-1024x736.jpg 1024w, http:\/\/piekarscy.com.pl\/wp-content\/uploads\/2015\/09\/legitymacja-ubezpieczeniowa-dziadkow2-624x448.jpg 624w\" sizes=\"auto, (max-width: 300px) 100vw, 300px\" \/><\/a> <a href=\"http:\/\/piekarscy.com.pl\/wp-content\/uploads\/2015\/09\/legitymacja-ubezpieczeniowa-dziadkow3.jpg\"><img loading=\"lazy\" decoding=\"async\" class=\"aligncenter size-medium wp-image-5491\" src=\"http:\/\/piekarscy.com.pl\/wp-content\/uploads\/2015\/09\/legitymacja-ubezpieczeniowa-dziadkow3-224x300.jpg\" alt=\"legitymacja ubezpieczeniowa dziadkow3\" width=\"224\" height=\"300\" srcset=\"http:\/\/piekarscy.com.pl\/wp-content\/uploads\/2015\/09\/legitymacja-ubezpieczeniowa-dziadkow3-224x300.jpg 224w, http:\/\/piekarscy.com.pl\/wp-content\/uploads\/2015\/09\/legitymacja-ubezpieczeniowa-dziadkow3-766x1024.jpg 766w, http:\/\/piekarscy.com.pl\/wp-content\/uploads\/2015\/09\/legitymacja-ubezpieczeniowa-dziadkow3-624x834.jpg 624w\" sizes=\"auto, (max-width: 224px) 100vw, 224px\" \/><\/a> <a href=\"http:\/\/piekarscy.com.pl\/wp-content\/uploads\/2015\/09\/legitymacja-ubezpieczeniowa-dziadkow4.jpg\"><img loading=\"lazy\" decoding=\"async\" class=\"aligncenter size-medium wp-image-5492\" src=\"http:\/\/piekarscy.com.pl\/wp-content\/uploads\/2015\/09\/legitymacja-ubezpieczeniowa-dziadkow4-215x300.jpg\" alt=\"legitymacja ubezpieczeniowa dziadkow4\" width=\"215\" height=\"300\" srcset=\"http:\/\/piekarscy.com.pl\/wp-content\/uploads\/2015\/09\/legitymacja-ubezpieczeniowa-dziadkow4-215x300.jpg 215w, http:\/\/piekarscy.com.pl\/wp-content\/uploads\/2015\/09\/legitymacja-ubezpieczeniowa-dziadkow4-733x1024.jpg 733w, http:\/\/piekarscy.com.pl\/wp-content\/uploads\/2015\/09\/legitymacja-ubezpieczeniowa-dziadkow4-624x872.jpg 624w\" sizes=\"auto, (max-width: 215px) 100vw, 215px\" \/><\/a> <a href=\"http:\/\/piekarscy.com.pl\/wp-content\/uploads\/2015\/09\/legitymacja-ubezpieczeniowa-dziadkow5.jpg\"><img loading=\"lazy\" decoding=\"async\" class=\"aligncenter size-medium wp-image-5493\" src=\"http:\/\/piekarscy.com.pl\/wp-content\/uploads\/2015\/09\/legitymacja-ubezpieczeniowa-dziadkow5-300x215.jpg\" alt=\"legitymacja ubezpieczeniowa dziadkow5\" width=\"300\" height=\"215\" srcset=\"http:\/\/piekarscy.com.pl\/wp-content\/uploads\/2015\/09\/legitymacja-ubezpieczeniowa-dziadkow5-300x215.jpg 300w, http:\/\/piekarscy.com.pl\/wp-content\/uploads\/2015\/09\/legitymacja-ubezpieczeniowa-dziadkow5-1024x734.jpg 1024w, http:\/\/piekarscy.com.pl\/wp-content\/uploads\/2015\/09\/legitymacja-ubezpieczeniowa-dziadkow5-624x447.jpg 624w\" sizes=\"auto, (max-width: 300px) 100vw, 300px\" \/><\/a><\/p>\n","protected":false},"excerpt":{"rendered":"<p>To legitymacja ubezpieczeniowa moich dziadk\u00f3w Bronis\u0142awa i janiny Piekarskich. legitymacja jest z okresu II wojny \u015bwiatowej z czasu, kiedy po powstaniu warszawskim zostali wywiezieni do Cz\u0119stochowy. Na li\u015bcie os\u00f3b pod opiek\u0105 s\u0105 m\u00f3j ojciec &#8211; Maciej Piekarski, m\u00f3j stryj &#8211; Bronis\u0142aw Piekarski oraz m\u00f3j przyszywany stryj &#8211; Jan Tch\u00f3rz, czyli dziecko zamojszczyzny\u00a0adoptowane przez dziadk\u00f3w w [&hellip;]<\/p>\n","protected":false},"author":1,"featured_media":0,"comment_status":"closed","ping_status":"closed","sticky":false,"template":"","format":"standard","meta":{"footnotes":""},"categories":[5,3],"tags":[291,87,311,22,24,23,429,716,140,139],"class_list":["post-5488","post","type-post","status-publish","format-standard","hentry","category-adamscy","category-piekarscy","tag-bronislaw-antoni-piekarski","tag-bronislaw-michal-piekarski","tag-jan-tchorz","tag-janina-adamska","tag-janina-piekarska","tag-janina-z-adamskich-piekarska","tag-legitymacja","tag-legitymacja-ubezpieczeniowa","tag-maciej-pawel-piekarski","tag-maciej-piekarski"],"_links":{"self":[{"href":"http:\/\/piekarscy.com.pl\/index.php?rest_route=\/wp\/v2\/posts\/5488","targetHints":{"allow":["GET"]}}],"collection":[{"href":"http:\/\/piekarscy.com.pl\/index.php?rest_route=\/wp\/v2\/posts"}],"about":[{"href":"http:\/\/piekarscy.com.pl\/index.php?rest_route=\/wp\/v2\/types\/post"}],"author":[{"embeddable":true,"href":"http:\/\/piekarscy.com.pl\/index.php?rest_route=\/wp\/v2\/users\/1"}],"replies":[{"embeddable":true,"href":"http:\/\/piekarscy.com.pl\/index.php?rest_route=%2Fwp%2Fv2%2Fcomments&post=5488"}],"version-history":[{"count":1,"href":"http:\/\/piekarscy.com.pl\/index.php?rest_route=\/wp\/v2\/posts\/5488\/revisions"}],"predecessor-version":[{"id":5500,"href":"http:\/\/piekarscy.com.pl\/index.php?rest_route=\/wp\/v2\/posts\/5488\/revisions\/5500"}],"wp:attachment":[{"href":"http:\/\/piekarscy.com.pl\/index.php?rest_route=%2Fwp%2Fv2%2Fmedia&parent=5488"}],"wp:term":[{"taxonomy":"category","embeddable":true,"href":"http:\/\/piekarscy.com.pl\/index.php?rest_route=%2Fwp%2Fv2%2Fcategories&post=5488"},{"taxonomy":"post_tag","embeddable":true,"href":"http:\/\/piekarscy.com.pl\/index.php?rest_route=%2Fwp%2Fv2%2Ftags&post=5488"}],"curies":[{"name":"wp","href":"https:\/\/api.w.org\/{rel}","templated":true}]}}