{"id":5767,"date":"2015-10-30T11:50:36","date_gmt":"2015-10-30T11:50:36","guid":{"rendered":"http:\/\/piekarscy.com.pl\/?p=5767"},"modified":"2015-10-31T09:43:32","modified_gmt":"2015-10-31T09:43:32","slug":"pierwsze-zdjecie-z-gnijacego-albumu","status":"publish","type":"post","link":"http:\/\/piekarscy.com.pl\/?p=5767","title":{"rendered":"Pierwsze zdj\u0119cie z gnij\u0105cego albumu"},"content":{"rendered":"<p>&#8222;Gnij\u0105cy album&#8221;. Tak nazwa\u0142am pokryty ple\u015bni\u0105 fotograficzny album le\u017c\u0105cy na strychu. S\u0105 w nim na pewno fotografie rodzinne. Niestety nie jestem w stanie rozpozna\u0107 wszystkich os\u00f3b i wszystkich miejsc, w kt\u00f3rych zosta\u0142y wykonane. Licz\u0119 na pomoc czytelnik\u00f3w.<\/p>\n<p>Oto pierwsza fotografia.\u00a0Zdj\u0119cia pochodz\u0105\u00a0z okresu mniej wi\u0119cej 1912-1915.<\/p>\n<p><a href=\"http:\/\/piekarscy.com.pl\/wp-content\/uploads\/2015\/10\/01.jpg\"><img loading=\"lazy\" decoding=\"async\" class=\"aligncenter size-medium wp-image-5768\" src=\"http:\/\/piekarscy.com.pl\/wp-content\/uploads\/2015\/10\/01-300x208.jpg\" alt=\"01\" width=\"300\" height=\"208\" \/><\/a><\/p>\n<p>Zdj\u0119cie zosta\u0142o zrobione przed domem, kt\u00f3ry dzi\u015b ma adres Walecznych 37. \u00a0Dom znajduje si\u0119 po prawej stronie od tego p\u0142ota. W g\u0142\u0119bi za drzewem jest dzisiejsza ulica Walecznych, kt\u00f3rej lini\u0119 wyznaczaj\u0105 rosochate wierzby. Na lewo idzie si\u0119 w kierunku dzisiejszej ul.\u00a0Saskiej, na prawo w kierunku ul. Francuskiej. Pod drzewem (chyba) Kazimierz\u00a0Przybytkowski brat mojej praprababci.<\/p>\n","protected":false},"excerpt":{"rendered":"<p>&#8222;Gnij\u0105cy album&#8221;. Tak nazwa\u0142am pokryty ple\u015bni\u0105 fotograficzny album le\u017c\u0105cy na strychu. S\u0105 w nim na pewno fotografie rodzinne. Niestety nie jestem w stanie rozpozna\u0107 wszystkich os\u00f3b i wszystkich miejsc, w kt\u00f3rych zosta\u0142y wykonane. Licz\u0119 na pomoc czytelnik\u00f3w. Oto pierwsza fotografia.\u00a0Zdj\u0119cia pochodz\u0105\u00a0z okresu mniej wi\u0119cej 1912-1915. Zdj\u0119cie zosta\u0142o zrobione przed domem, kt\u00f3ry dzi\u015b ma adres Walecznych [&hellip;]<\/p>\n","protected":false},"author":1,"featured_media":0,"comment_status":"closed","ping_status":"closed","sticky":false,"template":"","format":"standard","meta":{"footnotes":""},"categories":[7],"tags":[102,730,729,416,731],"class_list":["post-5767","post","type-post","status-publish","format-standard","hentry","category-przybytkowscy","tag-fotografia","tag-gnijacy-album","tag-kazimierz-przybytkowski","tag-saska-kepa","tag-walecznych-37"],"_links":{"self":[{"href":"http:\/\/piekarscy.com.pl\/index.php?rest_route=\/wp\/v2\/posts\/5767","targetHints":{"allow":["GET"]}}],"collection":[{"href":"http:\/\/piekarscy.com.pl\/index.php?rest_route=\/wp\/v2\/posts"}],"about":[{"href":"http:\/\/piekarscy.com.pl\/index.php?rest_route=\/wp\/v2\/types\/post"}],"author":[{"embeddable":true,"href":"http:\/\/piekarscy.com.pl\/index.php?rest_route=\/wp\/v2\/users\/1"}],"replies":[{"embeddable":true,"href":"http:\/\/piekarscy.com.pl\/index.php?rest_route=%2Fwp%2Fv2%2Fcomments&post=5767"}],"version-history":[{"count":6,"href":"http:\/\/piekarscy.com.pl\/index.php?rest_route=\/wp\/v2\/posts\/5767\/revisions"}],"predecessor-version":[{"id":6052,"href":"http:\/\/piekarscy.com.pl\/index.php?rest_route=\/wp\/v2\/posts\/5767\/revisions\/6052"}],"wp:attachment":[{"href":"http:\/\/piekarscy.com.pl\/index.php?rest_route=%2Fwp%2Fv2%2Fmedia&parent=5767"}],"wp:term":[{"taxonomy":"category","embeddable":true,"href":"http:\/\/piekarscy.com.pl\/index.php?rest_route=%2Fwp%2Fv2%2Fcategories&post=5767"},{"taxonomy":"post_tag","embeddable":true,"href":"http:\/\/piekarscy.com.pl\/index.php?rest_route=%2Fwp%2Fv2%2Ftags&post=5767"}],"curies":[{"name":"wp","href":"https:\/\/api.w.org\/{rel}","templated":true}]}}