{"id":579,"date":"2014-01-02T00:59:24","date_gmt":"2014-01-02T00:59:24","guid":{"rendered":"http:\/\/piekarscy.com.pl\/?p=579"},"modified":"2013-12-26T19:21:22","modified_gmt":"2013-12-26T19:21:22","slug":"zbyszek-w-szkole-morskiej","status":"publish","type":"post","link":"http:\/\/piekarscy.com.pl\/?p=579","title":{"rendered":"Zbyszek w szkole morskiej"},"content":{"rendered":"<p>&nbsp;<\/p>\n<p>Po Zbyszku Piekarskim &#8211; marynarzu ze szko\u0142y morskiej w Tczewie zosta\u0142y nie tylko list, ale i:<br \/>\nDokument przyj\u0119cia do Szko\u0142y Morskiej z podpisem Gustawa Ka\u0144skiego.<\/p>\n<p><a href=\"http:\/\/piekarscy.com.pl\/wp-content\/uploads\/2013\/12\/zawiadomienie.jpg\"><img loading=\"lazy\" decoding=\"async\" class=\"aligncenter\" alt=\"zawiadomienie\" src=\"http:\/\/piekarscy.com.pl\/wp-content\/uploads\/2013\/12\/zawiadomienie-300x190.jpg\" width=\"300\" height=\"190\" \/><\/a><\/p>\n<p>Czarny notesik&#8230; a w nim? Na przyk\u0142ad plan lekcji.<\/p>\n<p><a href=\"http:\/\/piekarscy.com.pl\/wp-content\/uploads\/2013\/12\/notes2.jpg\"><img loading=\"lazy\" decoding=\"async\" class=\"aligncenter\" alt=\"notes2\" src=\"http:\/\/piekarscy.com.pl\/wp-content\/uploads\/2013\/12\/notes2-300x180.jpg\" width=\"300\" height=\"180\" \/><\/a><\/p>\n<p>&nbsp;<\/p>\n<p>Zielony notesik, a w nim jednoakt\u00f3wka &#8222;Strach&#8221;<\/p>\n<p><a href=\"http:\/\/piekarscy.com.pl\/wp-content\/uploads\/2013\/12\/strach.jpg\"><img loading=\"lazy\" decoding=\"async\" class=\"aligncenter\" alt=\"strach\" src=\"http:\/\/piekarscy.com.pl\/wp-content\/uploads\/2013\/12\/strach-226x300.jpg\" width=\"226\" height=\"300\" \/><\/a><\/p>\n<p align=\"center\"><b>Strach<br \/>\n<\/b>Albo: \u201eOna boi si\u0119 Jego\u201d<\/p>\n<p align=\"center\">Przera\u017caj\u0105cy dramat w I akcie<br \/>\n(tylko dla os\u00f3b z silnemi nerwami.)<\/p>\n<p style=\"text-align: left;\" align=\"center\"><span style=\"line-height: 1.714285714; font-size: 1rem;\">osoby:<br \/>\n<\/span><strong>On<\/strong><br \/>\n<strong>Ona<\/strong><br \/>\nOboje w strojach Bankowc\u00f3w (to znaczy zupe\u0142nie obdarci)<\/p>\n<p style=\"text-align: left;\"><strong><span style=\"line-height: 1.714285714; font-size: 1rem;\">Akt I&#8230; i ostatni<\/span><\/strong><\/p>\n<p style=\"text-align: left;\"><i><\/i><i>(Scena przedstawia las. Wiecz\u00f3r. Za drzewami wida\u0107 cos b\u0142yszcz\u0105cego, na tym cosiu para w\u0142osk\u00f3w. On i Ona siedz\u0105 na trawie, przed nimi serweta, na niej chleb, kie\u0142basa, butelka w\u00f3dki, 2 kieliszki.)<\/i><\/p>\n<p style=\"text-align: left;\"><b style=\"line-height: 1.714285714; font-size: 1rem;\">Ona: <\/b><i style=\"line-height: 1.714285714; font-size: 1rem;\">(wskazuj\u0105c to co\u015b)<br \/>\n<\/i>Co to idzie? O m\u00f3j Bo\u017ce!<br \/>\nCzym ujrza\u0142a ranna zorz\u0119?<br \/>\nCzy to po\u017car gdzie\u015b w oddali?<br \/>\nCzy si\u0119 gdzie latarnia pali?&#8230;<\/p>\n<p style=\"text-align: left;\"><b style=\"line-height: 1.714285714; font-size: 1rem;\">On:<br \/>\n<\/b>Nic nie idzie, c\u00f3\u017c by\u0107 mo\u017ce?<br \/>\nTroch\u0119 wczas na ranna zorz\u0119,<br \/>\nWok\u00f3\u0142 nigdzie si\u0119 nie pali,<br \/>\nLatar\u0144 nigdzie nie stawiali,<br \/>\nBo latarnie, powiedz komu<br \/>\nS\u0105 potrzebne, gdy ma w domu<br \/>\nDosy\u0107 \u015bwiat\u0142a. Wi\u0119c przyjemniej,<br \/>\nGdy jest w polu pu\u015bciej, ciemniej&#8230;<\/p>\n<p style=\"text-align: left;\"><b style=\"line-height: 1.714285714; font-size: 1rem;\">Ona:<br \/>\n<\/b>A wi\u0119c co to si\u0119 tak \u015bwieci?<br \/>\nCo to do nas tutaj leci?!<br \/>\nMo\u017ce duch, lub jaka mara!?!<br \/>\nBlisko jest ju\u017c ta poczwara?!?!!<br \/>\nMdlej\u0119!!&#8230; Trzymaj mnie!!! Ja czuj\u0119,<br \/>\n\u017be te monstrum nas stratuje!!!!<br \/>\nAaaaach!!!! <i>(mdleje)<\/i><\/p>\n<p style=\"text-align: left;\"><span style=\"line-height: 1.714285714; font-size: 1rem;\"><strong>On:<\/strong> <\/span><i style=\"line-height: 1.714285714; font-size: 1rem;\">(podtrzymuj\u0105c ja patrzy w stron\u0119 \u015bwiec\u0105cego cosia.)<br \/>\n<\/i>Uspok\u00f3j si\u0119, to nic z\u0142ego.<br \/>\nNie ma ducha tu \u017cadnego.<br \/>\nLeci do nas tu ch\u0142opczyna<br \/>\nNa g\u0142owie \u015bwieci mu \u0142ysina.<br \/>\nAch! Jaki\u017c ty wzrok masz kr\u00f3tki!!!<br \/>\nTo G\u0119balski poczu\u0142 w\u00f3dk\u0119!!!!<br \/>\n<i>(Pospiesznie chowa butelk\u0119 i kieliszki pod serwet\u0119.)<br \/>\n<\/i>Zas\u0142ona spada<\/p>\n<p style=\"text-align: left;\">W tym\u017ce notesie by\u0142 te\u017c&#8230; dowcip.<\/p>\n<p style=\"text-align: left;\"><a href=\"http:\/\/piekarscy.com.pl\/wp-content\/uploads\/2013\/12\/kawal.jpg\"><img loading=\"lazy\" decoding=\"async\" class=\"aligncenter size-medium wp-image-635\" alt=\"kawal\" src=\"http:\/\/piekarscy.com.pl\/wp-content\/uploads\/2013\/12\/kawal-300x181.jpg\" width=\"300\" height=\"181\" srcset=\"http:\/\/piekarscy.com.pl\/wp-content\/uploads\/2013\/12\/kawal-300x181.jpg 300w, http:\/\/piekarscy.com.pl\/wp-content\/uploads\/2013\/12\/kawal-624x377.jpg 624w, http:\/\/piekarscy.com.pl\/wp-content\/uploads\/2013\/12\/kawal.jpg 750w\" sizes=\"auto, (max-width: 300px) 100vw, 300px\" \/><\/a> <a href=\"http:\/\/piekarscy.com.pl\/wp-content\/uploads\/2013\/12\/notes2.jpg\"><br \/>\n<\/a> <a href=\"http:\/\/piekarscy.com.pl\/wp-content\/uploads\/2013\/12\/strach.jpg\"><br \/>\n<\/a> <a href=\"http:\/\/piekarscy.com.pl\/wp-content\/uploads\/2013\/12\/zawiadomienie.jpg\"><br \/>\n<\/a><\/p>\n<p style=\"text-align: left;\">\n","protected":false},"excerpt":{"rendered":"<p>&nbsp; Po Zbyszku Piekarskim &#8211; marynarzu ze szko\u0142y morskiej w Tczewie zosta\u0142y nie tylko list, ale i: Dokument przyj\u0119cia do Szko\u0142y Morskiej z podpisem Gustawa Ka\u0144skiego. Czarny notesik&#8230; a w nim? Na przyk\u0142ad plan lekcji. &nbsp; Zielony notesik, a w nim jednoakt\u00f3wka &#8222;Strach&#8221; Strach Albo: \u201eOna boi si\u0119 Jego\u201d Przera\u017caj\u0105cy dramat w I akcie (tylko [&hellip;]<\/p>\n","protected":false},"author":1,"featured_media":0,"comment_status":"closed","ping_status":"open","sticky":false,"template":"","format":"standard","meta":{"footnotes":""},"categories":[3],"tags":[138,91,86],"class_list":["post-579","post","type-post","status-publish","format-standard","hentry","category-piekarscy","tag-notes","tag-szkola-morska-w-tczewie","tag-zbigniew-piekarski"],"_links":{"self":[{"href":"http:\/\/piekarscy.com.pl\/index.php?rest_route=\/wp\/v2\/posts\/579","targetHints":{"allow":["GET"]}}],"collection":[{"href":"http:\/\/piekarscy.com.pl\/index.php?rest_route=\/wp\/v2\/posts"}],"about":[{"href":"http:\/\/piekarscy.com.pl\/index.php?rest_route=\/wp\/v2\/types\/post"}],"author":[{"embeddable":true,"href":"http:\/\/piekarscy.com.pl\/index.php?rest_route=\/wp\/v2\/users\/1"}],"replies":[{"embeddable":true,"href":"http:\/\/piekarscy.com.pl\/index.php?rest_route=%2Fwp%2Fv2%2Fcomments&post=579"}],"version-history":[{"count":2,"href":"http:\/\/piekarscy.com.pl\/index.php?rest_route=\/wp\/v2\/posts\/579\/revisions"}],"predecessor-version":[{"id":640,"href":"http:\/\/piekarscy.com.pl\/index.php?rest_route=\/wp\/v2\/posts\/579\/revisions\/640"}],"wp:attachment":[{"href":"http:\/\/piekarscy.com.pl\/index.php?rest_route=%2Fwp%2Fv2%2Fmedia&parent=579"}],"wp:term":[{"taxonomy":"category","embeddable":true,"href":"http:\/\/piekarscy.com.pl\/index.php?rest_route=%2Fwp%2Fv2%2Fcategories&post=579"},{"taxonomy":"post_tag","embeddable":true,"href":"http:\/\/piekarscy.com.pl\/index.php?rest_route=%2Fwp%2Fv2%2Ftags&post=579"}],"curies":[{"name":"wp","href":"https:\/\/api.w.org\/{rel}","templated":true}]}}