{"id":5844,"date":"2015-11-10T00:24:30","date_gmt":"2015-11-10T00:24:30","guid":{"rendered":"http:\/\/piekarscy.com.pl\/?p=5844"},"modified":"2015-10-31T09:49:35","modified_gmt":"2015-10-31T09:49:35","slug":"jedenaste-zdjecie-z-gnijacego-albumu","status":"publish","type":"post","link":"http:\/\/piekarscy.com.pl\/?p=5844","title":{"rendered":"Jedenaste zdj\u0119cie z gnij\u0105cego albumu"},"content":{"rendered":"<p>&#8222;Gnij\u0105cy album&#8221;. Tak nazwa\u0142am pokryty ple\u015bni\u0105 fotograficzny album le\u017c\u0105cy na strychu. S\u0105 w nim na pewno fotografie rodzinne. Niestety nie jestem w stanie rozpozna\u0107 wszystkich os\u00f3b i wszystkich miejsc, w kt\u00f3rych zosta\u0142y wykonane. Licz\u0119 na pomoc czytelnik\u00f3w.<\/p>\n<p>Oto jedenasta\u00a0fotografia.\u00a0Zdj\u0119cia pochodz\u0105\u00a0z okresu mniej wi\u0119cej 1912-1915.<\/p>\n<p><a href=\"http:\/\/piekarscy.com.pl\/wp-content\/uploads\/2015\/10\/11.jpg\"><img loading=\"lazy\" decoding=\"async\" class=\"aligncenter size-medium wp-image-5792\" src=\"http:\/\/piekarscy.com.pl\/wp-content\/uploads\/2015\/10\/11-223x300.jpg\" alt=\"11\" width=\"223\" height=\"300\" srcset=\"http:\/\/piekarscy.com.pl\/wp-content\/uploads\/2015\/10\/11-223x300.jpg 223w, http:\/\/piekarscy.com.pl\/wp-content\/uploads\/2015\/10\/11-761x1024.jpg 761w, http:\/\/piekarscy.com.pl\/wp-content\/uploads\/2015\/10\/11-624x840.jpg 624w, http:\/\/piekarscy.com.pl\/wp-content\/uploads\/2015\/10\/11.jpg 1872w\" sizes=\"auto, (max-width: 223px) 100vw, 223px\" \/><\/a><\/p>\n<p>Nie wiem czy to st\u00f3g siana czy p\u0142acz\u0105ca wierzba. I nie wiem kim jest m\u0119\u017cczyzna ze zdj\u0119cia. Jest to jaki\u015b spacer polami Saskiej K\u0119py.<\/p>\n","protected":false},"excerpt":{"rendered":"<p>&#8222;Gnij\u0105cy album&#8221;. Tak nazwa\u0142am pokryty ple\u015bni\u0105 fotograficzny album le\u017c\u0105cy na strychu. S\u0105 w nim na pewno fotografie rodzinne. Niestety nie jestem w stanie rozpozna\u0107 wszystkich os\u00f3b i wszystkich miejsc, w kt\u00f3rych zosta\u0142y wykonane. Licz\u0119 na pomoc czytelnik\u00f3w. Oto jedenasta\u00a0fotografia.\u00a0Zdj\u0119cia pochodz\u0105\u00a0z okresu mniej wi\u0119cej 1912-1915. Nie wiem czy to st\u00f3g siana czy p\u0142acz\u0105ca wierzba. I nie [&hellip;]<\/p>\n","protected":false},"author":1,"featured_media":0,"comment_status":"closed","ping_status":"closed","sticky":false,"template":"","format":"standard","meta":{"footnotes":""},"categories":[7],"tags":[102,730,416,731],"class_list":["post-5844","post","type-post","status-publish","format-standard","hentry","category-przybytkowscy","tag-fotografia","tag-gnijacy-album","tag-saska-kepa","tag-walecznych-37"],"_links":{"self":[{"href":"http:\/\/piekarscy.com.pl\/index.php?rest_route=\/wp\/v2\/posts\/5844","targetHints":{"allow":["GET"]}}],"collection":[{"href":"http:\/\/piekarscy.com.pl\/index.php?rest_route=\/wp\/v2\/posts"}],"about":[{"href":"http:\/\/piekarscy.com.pl\/index.php?rest_route=\/wp\/v2\/types\/post"}],"author":[{"embeddable":true,"href":"http:\/\/piekarscy.com.pl\/index.php?rest_route=\/wp\/v2\/users\/1"}],"replies":[{"embeddable":true,"href":"http:\/\/piekarscy.com.pl\/index.php?rest_route=%2Fwp%2Fv2%2Fcomments&post=5844"}],"version-history":[{"count":4,"href":"http:\/\/piekarscy.com.pl\/index.php?rest_route=\/wp\/v2\/posts\/5844\/revisions"}],"predecessor-version":[{"id":6062,"href":"http:\/\/piekarscy.com.pl\/index.php?rest_route=\/wp\/v2\/posts\/5844\/revisions\/6062"}],"wp:attachment":[{"href":"http:\/\/piekarscy.com.pl\/index.php?rest_route=%2Fwp%2Fv2%2Fmedia&parent=5844"}],"wp:term":[{"taxonomy":"category","embeddable":true,"href":"http:\/\/piekarscy.com.pl\/index.php?rest_route=%2Fwp%2Fv2%2Fcategories&post=5844"},{"taxonomy":"post_tag","embeddable":true,"href":"http:\/\/piekarscy.com.pl\/index.php?rest_route=%2Fwp%2Fv2%2Ftags&post=5844"}],"curies":[{"name":"wp","href":"https:\/\/api.w.org\/{rel}","templated":true}]}}