{"id":5845,"date":"2015-11-11T00:24:31","date_gmt":"2015-11-11T00:24:31","guid":{"rendered":"http:\/\/piekarscy.com.pl\/?p=5845"},"modified":"2015-10-31T09:48:29","modified_gmt":"2015-10-31T09:48:29","slug":"dwunaste-zdjecie-z-gnijacego-albumu","status":"publish","type":"post","link":"http:\/\/piekarscy.com.pl\/?p=5845","title":{"rendered":"Dwunaste zdj\u0119cie z gnij\u0105cego albumu"},"content":{"rendered":"<p>&#8222;Gnij\u0105cy album&#8221;. Tak nazwa\u0142am pokryty ple\u015bni\u0105 fotograficzny album le\u017c\u0105cy na strychu. S\u0105 w nim na pewno fotografie rodzinne. Niestety nie jestem w stanie rozpozna\u0107 wszystkich os\u00f3b i wszystkich miejsc, w kt\u00f3rych zosta\u0142y wykonane. Licz\u0119 na pomoc czytelnik\u00f3w.<\/p>\n<p>Oto dwunasta\u00a0fotografia.\u00a0Zdj\u0119cia pochodz\u0105\u00a0z okresu mniej wi\u0119cej 1912-1915.<\/p>\n<p><a href=\"http:\/\/piekarscy.com.pl\/wp-content\/uploads\/2015\/10\/12.jpg\"><img loading=\"lazy\" decoding=\"async\" class=\"aligncenter size-medium wp-image-5793\" src=\"http:\/\/piekarscy.com.pl\/wp-content\/uploads\/2015\/10\/12-220x300.jpg\" alt=\"12\" width=\"220\" height=\"300\" srcset=\"http:\/\/piekarscy.com.pl\/wp-content\/uploads\/2015\/10\/12-220x300.jpg 220w, http:\/\/piekarscy.com.pl\/wp-content\/uploads\/2015\/10\/12-751x1024.jpg 751w, http:\/\/piekarscy.com.pl\/wp-content\/uploads\/2015\/10\/12-624x850.jpg 624w, http:\/\/piekarscy.com.pl\/wp-content\/uploads\/2015\/10\/12.jpg 1901w\" sizes=\"auto, (max-width: 220px) 100vw, 220px\" \/><\/a><\/p>\n<p>Pradziadek Antoni Adamski w nale\u017c\u0105cym do te\u015bci\u00f3w Anny z Neumann\u00f3w i W\u0142adys\u0142awa Przybytkowskich ogrodzie przy Walecznych 37. Co lezy przed nim na ziemi? List czy chusteczka do nosa?<\/p>\n","protected":false},"excerpt":{"rendered":"<p>&#8222;Gnij\u0105cy album&#8221;. Tak nazwa\u0142am pokryty ple\u015bni\u0105 fotograficzny album le\u017c\u0105cy na strychu. S\u0105 w nim na pewno fotografie rodzinne. Niestety nie jestem w stanie rozpozna\u0107 wszystkich os\u00f3b i wszystkich miejsc, w kt\u00f3rych zosta\u0142y wykonane. Licz\u0119 na pomoc czytelnik\u00f3w. Oto dwunasta\u00a0fotografia.\u00a0Zdj\u0119cia pochodz\u0105\u00a0z okresu mniej wi\u0119cej 1912-1915. Pradziadek Antoni Adamski w nale\u017c\u0105cym do te\u015bci\u00f3w Anny z Neumann\u00f3w i [&hellip;]<\/p>\n","protected":false},"author":1,"featured_media":0,"comment_status":"closed","ping_status":"closed","sticky":false,"template":"","format":"standard","meta":{"footnotes":""},"categories":[5,7],"tags":[53,124,123,28,102,730,416,731,52],"class_list":["post-5845","post","type-post","status-publish","format-standard","hentry","category-adamscy","category-przybytkowscy","tag-anna-klotylda-neumann","tag-anna-neumann","tag-anna-z-neumannow-przybytkowska","tag-antoni-adamski","tag-fotografia","tag-gnijacy-album","tag-saska-kepa","tag-walecznych-37","tag-wladyslaw-przybytkowski"],"_links":{"self":[{"href":"http:\/\/piekarscy.com.pl\/index.php?rest_route=\/wp\/v2\/posts\/5845","targetHints":{"allow":["GET"]}}],"collection":[{"href":"http:\/\/piekarscy.com.pl\/index.php?rest_route=\/wp\/v2\/posts"}],"about":[{"href":"http:\/\/piekarscy.com.pl\/index.php?rest_route=\/wp\/v2\/types\/post"}],"author":[{"embeddable":true,"href":"http:\/\/piekarscy.com.pl\/index.php?rest_route=\/wp\/v2\/users\/1"}],"replies":[{"embeddable":true,"href":"http:\/\/piekarscy.com.pl\/index.php?rest_route=%2Fwp%2Fv2%2Fcomments&post=5845"}],"version-history":[{"count":4,"href":"http:\/\/piekarscy.com.pl\/index.php?rest_route=\/wp\/v2\/posts\/5845\/revisions"}],"predecessor-version":[{"id":6059,"href":"http:\/\/piekarscy.com.pl\/index.php?rest_route=\/wp\/v2\/posts\/5845\/revisions\/6059"}],"wp:attachment":[{"href":"http:\/\/piekarscy.com.pl\/index.php?rest_route=%2Fwp%2Fv2%2Fmedia&parent=5845"}],"wp:term":[{"taxonomy":"category","embeddable":true,"href":"http:\/\/piekarscy.com.pl\/index.php?rest_route=%2Fwp%2Fv2%2Fcategories&post=5845"},{"taxonomy":"post_tag","embeddable":true,"href":"http:\/\/piekarscy.com.pl\/index.php?rest_route=%2Fwp%2Fv2%2Ftags&post=5845"}],"curies":[{"name":"wp","href":"https:\/\/api.w.org\/{rel}","templated":true}]}}