{"id":5846,"date":"2015-11-12T00:24:32","date_gmt":"2015-11-12T00:24:32","guid":{"rendered":"http:\/\/piekarscy.com.pl\/?p=5846"},"modified":"2015-10-31T10:44:38","modified_gmt":"2015-10-31T10:44:38","slug":"trzynaste-zdjecie-z-gnijacego-albumu","status":"publish","type":"post","link":"http:\/\/piekarscy.com.pl\/?p=5846","title":{"rendered":"Trzynaste zdj\u0119cie z gnij\u0105cego albumu"},"content":{"rendered":"<p>&#8222;Gnij\u0105cy album&#8221;. Tak nazwa\u0142am pokryty ple\u015bni\u0105 fotograficzny album le\u017c\u0105cy na strychu. S\u0105 w nim na pewno fotografie rodzinne. Niestety nie jestem w stanie rozpozna\u0107 wszystkich os\u00f3b i wszystkich miejsc, w kt\u00f3rych zosta\u0142y wykonane. Licz\u0119 na pomoc czytelnik\u00f3w.<\/p>\n<p>Oto trzynasta\u00a0fotografia.\u00a0Zdj\u0119cia pochodz\u0105\u00a0z okresu mniej wi\u0119cej 1912-1915.<\/p>\n<p><a href=\"http:\/\/piekarscy.com.pl\/wp-content\/uploads\/2015\/10\/13.jpg\"><img loading=\"lazy\" decoding=\"async\" class=\"aligncenter size-medium wp-image-5794\" src=\"http:\/\/piekarscy.com.pl\/wp-content\/uploads\/2015\/10\/13-216x300.jpg\" alt=\"13\" width=\"216\" height=\"300\" srcset=\"http:\/\/piekarscy.com.pl\/wp-content\/uploads\/2015\/10\/13-216x300.jpg 216w, http:\/\/piekarscy.com.pl\/wp-content\/uploads\/2015\/10\/13-737x1024.jpg 737w, http:\/\/piekarscy.com.pl\/wp-content\/uploads\/2015\/10\/13-624x867.jpg 624w, http:\/\/piekarscy.com.pl\/wp-content\/uploads\/2015\/10\/13.jpg 1866w\" sizes=\"auto, (max-width: 216px) 100vw, 216px\" \/><\/a><\/p>\n<p>To prababcia Karolcia, czyli Leokadia Karolina z Przybytkowskich Adamska.\u00a0Na pewno w ogrodzie rodzic\u00f3w Anny z Neumann\u00f3w i W\u0142adys\u0142awa Przybytkowskich przy Walecznych 37.<\/p>\n","protected":false},"excerpt":{"rendered":"<p>&#8222;Gnij\u0105cy album&#8221;. Tak nazwa\u0142am pokryty ple\u015bni\u0105 fotograficzny album le\u017c\u0105cy na strychu. S\u0105 w nim na pewno fotografie rodzinne. Niestety nie jestem w stanie rozpozna\u0107 wszystkich os\u00f3b i wszystkich miejsc, w kt\u00f3rych zosta\u0142y wykonane. Licz\u0119 na pomoc czytelnik\u00f3w. Oto trzynasta\u00a0fotografia.\u00a0Zdj\u0119cia pochodz\u0105\u00a0z okresu mniej wi\u0119cej 1912-1915. To prababcia Karolcia, czyli Leokadia Karolina z Przybytkowskich Adamska.\u00a0Na pewno w [&hellip;]<\/p>\n","protected":false},"author":1,"featured_media":0,"comment_status":"closed","ping_status":"closed","sticky":false,"template":"","format":"standard","meta":{"footnotes":""},"categories":[5,7],"tags":[53,124,123,102,730,27,25,26,416,731,52],"class_list":["post-5846","post","type-post","status-publish","format-standard","hentry","category-adamscy","category-przybytkowscy","tag-anna-klotylda-neumann","tag-anna-neumann","tag-anna-z-neumannow-przybytkowska","tag-fotografia","tag-gnijacy-album","tag-leokadia-karolina-adamska","tag-leokadia-karolina-przybytkowska","tag-leokadia-karolina-z-przybytkowskich-adamska","tag-saska-kepa","tag-walecznych-37","tag-wladyslaw-przybytkowski"],"_links":{"self":[{"href":"http:\/\/piekarscy.com.pl\/index.php?rest_route=\/wp\/v2\/posts\/5846","targetHints":{"allow":["GET"]}}],"collection":[{"href":"http:\/\/piekarscy.com.pl\/index.php?rest_route=\/wp\/v2\/posts"}],"about":[{"href":"http:\/\/piekarscy.com.pl\/index.php?rest_route=\/wp\/v2\/types\/post"}],"author":[{"embeddable":true,"href":"http:\/\/piekarscy.com.pl\/index.php?rest_route=\/wp\/v2\/users\/1"}],"replies":[{"embeddable":true,"href":"http:\/\/piekarscy.com.pl\/index.php?rest_route=%2Fwp%2Fv2%2Fcomments&post=5846"}],"version-history":[{"count":6,"href":"http:\/\/piekarscy.com.pl\/index.php?rest_route=\/wp\/v2\/posts\/5846\/revisions"}],"predecessor-version":[{"id":6096,"href":"http:\/\/piekarscy.com.pl\/index.php?rest_route=\/wp\/v2\/posts\/5846\/revisions\/6096"}],"wp:attachment":[{"href":"http:\/\/piekarscy.com.pl\/index.php?rest_route=%2Fwp%2Fv2%2Fmedia&parent=5846"}],"wp:term":[{"taxonomy":"category","embeddable":true,"href":"http:\/\/piekarscy.com.pl\/index.php?rest_route=%2Fwp%2Fv2%2Fcategories&post=5846"},{"taxonomy":"post_tag","embeddable":true,"href":"http:\/\/piekarscy.com.pl\/index.php?rest_route=%2Fwp%2Fv2%2Ftags&post=5846"}],"curies":[{"name":"wp","href":"https:\/\/api.w.org\/{rel}","templated":true}]}}