{"id":5847,"date":"2015-11-13T00:24:38","date_gmt":"2015-11-13T00:24:38","guid":{"rendered":"http:\/\/piekarscy.com.pl\/?p=5847"},"modified":"2015-10-31T09:48:58","modified_gmt":"2015-10-31T09:48:58","slug":"czternaste-zdjecie-z-gnijacego-albumu","status":"publish","type":"post","link":"http:\/\/piekarscy.com.pl\/?p=5847","title":{"rendered":"Czternaste zdj\u0119cie z gnij\u0105cego albumu"},"content":{"rendered":"<p>&#8222;Gnij\u0105cy album&#8221;. Tak nazwa\u0142am pokryty ple\u015bni\u0105 fotograficzny album le\u017c\u0105cy na strychu. S\u0105 w nim na pewno fotografie rodzinne. Niestety nie jestem w stanie rozpozna\u0107 wszystkich os\u00f3b i wszystkich miejsc, w kt\u00f3rych zosta\u0142y wykonane. Licz\u0119 na pomoc czytelnik\u00f3w.<\/p>\n<p>Oto czternasta\u00a0fotografia. I to w formie dw\u00f3ch odbitek.\u00a0Zdj\u0119cia pochodz\u0105\u00a0z okresu mniej wi\u0119cej 1912-1915.<\/p>\n<p><a href=\"http:\/\/piekarscy.com.pl\/wp-content\/uploads\/2015\/10\/14.jpg\"><img loading=\"lazy\" decoding=\"async\" class=\"aligncenter size-medium wp-image-5795\" src=\"http:\/\/piekarscy.com.pl\/wp-content\/uploads\/2015\/10\/14-214x300.jpg\" alt=\"14\" width=\"214\" height=\"300\" srcset=\"http:\/\/piekarscy.com.pl\/wp-content\/uploads\/2015\/10\/14-214x300.jpg 214w, http:\/\/piekarscy.com.pl\/wp-content\/uploads\/2015\/10\/14-729x1024.jpg 729w, http:\/\/piekarscy.com.pl\/wp-content\/uploads\/2015\/10\/14-624x876.jpg 624w, http:\/\/piekarscy.com.pl\/wp-content\/uploads\/2015\/10\/14.jpg 1872w\" sizes=\"auto, (max-width: 214px) 100vw, 214px\" \/><\/a> <a href=\"http:\/\/piekarscy.com.pl\/wp-content\/uploads\/2015\/10\/48.jpg\"><img loading=\"lazy\" decoding=\"async\" class=\"aligncenter size-medium wp-image-5832\" src=\"http:\/\/piekarscy.com.pl\/wp-content\/uploads\/2015\/10\/48-217x300.jpg\" alt=\"48\" width=\"217\" height=\"300\" srcset=\"http:\/\/piekarscy.com.pl\/wp-content\/uploads\/2015\/10\/48-217x300.jpg 217w, http:\/\/piekarscy.com.pl\/wp-content\/uploads\/2015\/10\/48-741x1024.jpg 741w, http:\/\/piekarscy.com.pl\/wp-content\/uploads\/2015\/10\/48-624x863.jpg 624w, http:\/\/piekarscy.com.pl\/wp-content\/uploads\/2015\/10\/48.jpg 1882w\" sizes=\"auto, (max-width: 217px) 100vw, 217px\" \/><\/a><\/p>\n<p>To pradziadek Antoni Adamski w \u0142\u00f3dce nad brzegiem Wis\u0142y.\u00a0na pewno od strony Saskiej Kepy. W oddali Solec. To jest \u0142\u00f3dka, kt\u00f3r\u0105 przyp\u0142ywa\u0142 do mojej prababci Leokadii Karoliny z Przybytkowskich Adamskiej z Solca w\u0142asnie na Sask\u0105 K\u0119p\u0119, by sp\u0119dza\u0107 z ni\u0105 czas w ogrodzie jej rodzic\u00f3w przy domu, dzi\u015b walecznych 37. Wtedy ulice nie by\u0142y jeszcze wytyczone.<\/p>\n","protected":false},"excerpt":{"rendered":"<p>&#8222;Gnij\u0105cy album&#8221;. Tak nazwa\u0142am pokryty ple\u015bni\u0105 fotograficzny album le\u017c\u0105cy na strychu. S\u0105 w nim na pewno fotografie rodzinne. Niestety nie jestem w stanie rozpozna\u0107 wszystkich os\u00f3b i wszystkich miejsc, w kt\u00f3rych zosta\u0142y wykonane. Licz\u0119 na pomoc czytelnik\u00f3w. Oto czternasta\u00a0fotografia. I to w formie dw\u00f3ch odbitek.\u00a0Zdj\u0119cia pochodz\u0105\u00a0z okresu mniej wi\u0119cej 1912-1915. To pradziadek Antoni Adamski w [&hellip;]<\/p>\n","protected":false},"author":1,"featured_media":0,"comment_status":"closed","ping_status":"closed","sticky":false,"template":"","format":"standard","meta":{"footnotes":""},"categories":[5,7],"tags":[28,102,730,27,25,26,416,731],"class_list":["post-5847","post","type-post","status-publish","format-standard","hentry","category-adamscy","category-przybytkowscy","tag-antoni-adamski","tag-fotografia","tag-gnijacy-album","tag-leokadia-karolina-adamska","tag-leokadia-karolina-przybytkowska","tag-leokadia-karolina-z-przybytkowskich-adamska","tag-saska-kepa","tag-walecznych-37"],"_links":{"self":[{"href":"http:\/\/piekarscy.com.pl\/index.php?rest_route=\/wp\/v2\/posts\/5847","targetHints":{"allow":["GET"]}}],"collection":[{"href":"http:\/\/piekarscy.com.pl\/index.php?rest_route=\/wp\/v2\/posts"}],"about":[{"href":"http:\/\/piekarscy.com.pl\/index.php?rest_route=\/wp\/v2\/types\/post"}],"author":[{"embeddable":true,"href":"http:\/\/piekarscy.com.pl\/index.php?rest_route=\/wp\/v2\/users\/1"}],"replies":[{"embeddable":true,"href":"http:\/\/piekarscy.com.pl\/index.php?rest_route=%2Fwp%2Fv2%2Fcomments&post=5847"}],"version-history":[{"count":4,"href":"http:\/\/piekarscy.com.pl\/index.php?rest_route=\/wp\/v2\/posts\/5847\/revisions"}],"predecessor-version":[{"id":6060,"href":"http:\/\/piekarscy.com.pl\/index.php?rest_route=\/wp\/v2\/posts\/5847\/revisions\/6060"}],"wp:attachment":[{"href":"http:\/\/piekarscy.com.pl\/index.php?rest_route=%2Fwp%2Fv2%2Fmedia&parent=5847"}],"wp:term":[{"taxonomy":"category","embeddable":true,"href":"http:\/\/piekarscy.com.pl\/index.php?rest_route=%2Fwp%2Fv2%2Fcategories&post=5847"},{"taxonomy":"post_tag","embeddable":true,"href":"http:\/\/piekarscy.com.pl\/index.php?rest_route=%2Fwp%2Fv2%2Ftags&post=5847"}],"curies":[{"name":"wp","href":"https:\/\/api.w.org\/{rel}","templated":true}]}}