{"id":5870,"date":"2015-11-20T00:51:50","date_gmt":"2015-11-20T00:51:50","guid":{"rendered":"http:\/\/piekarscy.com.pl\/?p=5870"},"modified":"2015-10-31T09:52:49","modified_gmt":"2015-10-31T09:52:49","slug":"dwudzieste-pierwsze-zdjecie-z-gnijacego-albumu","status":"publish","type":"post","link":"http:\/\/piekarscy.com.pl\/?p=5870","title":{"rendered":"Dwudzieste pierwsze zdj\u0119cie z gnij\u0105cego albumu"},"content":{"rendered":"<p>&#8222;Gnij\u0105cy album&#8221;. Tak nazwa\u0142am pokryty ple\u015bni\u0105 fotograficzny album le\u017c\u0105cy na strychu. S\u0105 w nim na pewno fotografie rodzinne. Niestety nie jestem w stanie rozpozna\u0107 wszystkich os\u00f3b i wszystkich miejsc, w kt\u00f3rych zosta\u0142y wykonane. Licz\u0119 na pomoc czytelnik\u00f3w.<\/p>\n<p>Oto dwudziesta pierwsza fotografia.\u00a0Zdj\u0119cia pochodz\u0105\u00a0z okresu mniej wi\u0119cej 1912-1915.<\/p>\n<p><a href=\"http:\/\/piekarscy.com.pl\/wp-content\/uploads\/2015\/10\/21.jpg\"><img loading=\"lazy\" decoding=\"async\" class=\"aligncenter size-medium wp-image-5802\" src=\"http:\/\/piekarscy.com.pl\/wp-content\/uploads\/2015\/10\/21-300x217.jpg\" alt=\"21\" width=\"300\" height=\"217\" srcset=\"http:\/\/piekarscy.com.pl\/wp-content\/uploads\/2015\/10\/21-300x217.jpg 300w, http:\/\/piekarscy.com.pl\/wp-content\/uploads\/2015\/10\/21-1024x741.jpg 1024w, http:\/\/piekarscy.com.pl\/wp-content\/uploads\/2015\/10\/21-624x451.jpg 624w\" sizes=\"auto, (max-width: 300px) 100vw, 300px\" \/><\/a><\/p>\n<p>Pradziadkowie Leokadia Karolina z Przybytkowskich i Antoni Adamski. Gdzie\u015b nad Wis\u0142\u0105 na Saskiej K\u0119pie.<\/p>\n<p>&nbsp;<\/p>\n","protected":false},"excerpt":{"rendered":"<p>&#8222;Gnij\u0105cy album&#8221;. Tak nazwa\u0142am pokryty ple\u015bni\u0105 fotograficzny album le\u017c\u0105cy na strychu. S\u0105 w nim na pewno fotografie rodzinne. Niestety nie jestem w stanie rozpozna\u0107 wszystkich os\u00f3b i wszystkich miejsc, w kt\u00f3rych zosta\u0142y wykonane. Licz\u0119 na pomoc czytelnik\u00f3w. Oto dwudziesta pierwsza fotografia.\u00a0Zdj\u0119cia pochodz\u0105\u00a0z okresu mniej wi\u0119cej 1912-1915. Pradziadkowie Leokadia Karolina z Przybytkowskich i Antoni Adamski. Gdzie\u015b [&hellip;]<\/p>\n","protected":false},"author":1,"featured_media":0,"comment_status":"closed","ping_status":"closed","sticky":false,"template":"","format":"standard","meta":{"footnotes":""},"categories":[5,7],"tags":[28,102,730,27,25,26,416],"class_list":["post-5870","post","type-post","status-publish","format-standard","hentry","category-adamscy","category-przybytkowscy","tag-antoni-adamski","tag-fotografia","tag-gnijacy-album","tag-leokadia-karolina-adamska","tag-leokadia-karolina-przybytkowska","tag-leokadia-karolina-z-przybytkowskich-adamska","tag-saska-kepa"],"_links":{"self":[{"href":"http:\/\/piekarscy.com.pl\/index.php?rest_route=\/wp\/v2\/posts\/5870","targetHints":{"allow":["GET"]}}],"collection":[{"href":"http:\/\/piekarscy.com.pl\/index.php?rest_route=\/wp\/v2\/posts"}],"about":[{"href":"http:\/\/piekarscy.com.pl\/index.php?rest_route=\/wp\/v2\/types\/post"}],"author":[{"embeddable":true,"href":"http:\/\/piekarscy.com.pl\/index.php?rest_route=\/wp\/v2\/users\/1"}],"replies":[{"embeddable":true,"href":"http:\/\/piekarscy.com.pl\/index.php?rest_route=%2Fwp%2Fv2%2Fcomments&post=5870"}],"version-history":[{"count":4,"href":"http:\/\/piekarscy.com.pl\/index.php?rest_route=\/wp\/v2\/posts\/5870\/revisions"}],"predecessor-version":[{"id":5982,"href":"http:\/\/piekarscy.com.pl\/index.php?rest_route=\/wp\/v2\/posts\/5870\/revisions\/5982"}],"wp:attachment":[{"href":"http:\/\/piekarscy.com.pl\/index.php?rest_route=%2Fwp%2Fv2%2Fmedia&parent=5870"}],"wp:term":[{"taxonomy":"category","embeddable":true,"href":"http:\/\/piekarscy.com.pl\/index.php?rest_route=%2Fwp%2Fv2%2Fcategories&post=5870"},{"taxonomy":"post_tag","embeddable":true,"href":"http:\/\/piekarscy.com.pl\/index.php?rest_route=%2Fwp%2Fv2%2Ftags&post=5870"}],"curies":[{"name":"wp","href":"https:\/\/api.w.org\/{rel}","templated":true}]}}