{"id":5871,"date":"2015-11-21T00:51:58","date_gmt":"2015-11-21T00:51:58","guid":{"rendered":"http:\/\/piekarscy.com.pl\/?p=5871"},"modified":"2015-10-31T09:53:33","modified_gmt":"2015-10-31T09:53:33","slug":"dwudzieste-drugie-zdjecie-z-gnijacego-albumu","status":"publish","type":"post","link":"http:\/\/piekarscy.com.pl\/?p=5871","title":{"rendered":"Dwudzieste drugie zdj\u0119cie z gnij\u0105cego albumu"},"content":{"rendered":"<p>&#8222;Gnij\u0105cy album&#8221;. Tak nazwa\u0142am pokryty ple\u015bni\u0105 fotograficzny album le\u017c\u0105cy na strychu. S\u0105 w nim na pewno fotografie rodzinne. Niestety nie jestem w stanie rozpozna\u0107 wszystkich os\u00f3b i wszystkich miejsc, w kt\u00f3rych zosta\u0142y wykonane. Licz\u0119 na pomoc czytelnik\u00f3w.<\/p>\n<p>Oto dwudziesta druga\u00a0fotografia.\u00a0Zdj\u0119cia pochodz\u0105\u00a0z okresu mniej wi\u0119cej 1912-1915.<\/p>\n<p><a href=\"http:\/\/piekarscy.com.pl\/wp-content\/uploads\/2015\/10\/22.jpg\"><img loading=\"lazy\" decoding=\"async\" class=\"aligncenter size-medium wp-image-5803\" src=\"http:\/\/piekarscy.com.pl\/wp-content\/uploads\/2015\/10\/22-300x214.jpg\" alt=\"22\" width=\"300\" height=\"214\" srcset=\"http:\/\/piekarscy.com.pl\/wp-content\/uploads\/2015\/10\/22-300x214.jpg 300w, http:\/\/piekarscy.com.pl\/wp-content\/uploads\/2015\/10\/22-1024x732.jpg 1024w, http:\/\/piekarscy.com.pl\/wp-content\/uploads\/2015\/10\/22-624x446.jpg 624w\" sizes=\"auto, (max-width: 300px) 100vw, 300px\" \/><\/a><\/p>\n<p>Na \u015brodku z pieskiem na r\u0119ku siedzi najprawdopodobniej siostra pradziadka Antoniego Maria, a obok niej z lewej strony druga siostra Henryka. Z prawej\u00a0moja prababcia Karolcia, czyli Leokadia Karolina z Przybytkowskich Adamska. Kim s\u0105 pozosta\u0142e osoby? M\u0119\u017cczyzna w mundurze musi by\u0107 m\u0119\u017cem kt\u00f3rej\u015b z si\u00f3str pradziadka. Mo\u017ce to wi\u0119c by\u0107 W\u0142adys\u0142aw W\u0119gierkiewicz, ale czy tak jest???<\/p>\n","protected":false},"excerpt":{"rendered":"<p>&#8222;Gnij\u0105cy album&#8221;. Tak nazwa\u0142am pokryty ple\u015bni\u0105 fotograficzny album le\u017c\u0105cy na strychu. S\u0105 w nim na pewno fotografie rodzinne. Niestety nie jestem w stanie rozpozna\u0107 wszystkich os\u00f3b i wszystkich miejsc, w kt\u00f3rych zosta\u0142y wykonane. Licz\u0119 na pomoc czytelnik\u00f3w. Oto dwudziesta druga\u00a0fotografia.\u00a0Zdj\u0119cia pochodz\u0105\u00a0z okresu mniej wi\u0119cej 1912-1915. Na \u015brodku z pieskiem na r\u0119ku siedzi najprawdopodobniej siostra pradziadka [&hellip;]<\/p>\n","protected":false},"author":1,"featured_media":0,"comment_status":"closed","ping_status":"closed","sticky":false,"template":"","format":"standard","meta":{"footnotes":""},"categories":[5,7,397],"tags":[102,730,736,27,25,26,396,416,731,704],"class_list":["post-5871","post","type-post","status-publish","format-standard","hentry","category-adamscy","category-przybytkowscy","category-wegierkiewicz","tag-fotografia","tag-gnijacy-album","tag-henryka-adamska","tag-leokadia-karolina-adamska","tag-leokadia-karolina-przybytkowska","tag-leokadia-karolina-z-przybytkowskich-adamska","tag-maria-adamska","tag-saska-kepa","tag-walecznych-37","tag-wladyslaw-wegierkiewicz"],"_links":{"self":[{"href":"http:\/\/piekarscy.com.pl\/index.php?rest_route=\/wp\/v2\/posts\/5871","targetHints":{"allow":["GET"]}}],"collection":[{"href":"http:\/\/piekarscy.com.pl\/index.php?rest_route=\/wp\/v2\/posts"}],"about":[{"href":"http:\/\/piekarscy.com.pl\/index.php?rest_route=\/wp\/v2\/types\/post"}],"author":[{"embeddable":true,"href":"http:\/\/piekarscy.com.pl\/index.php?rest_route=\/wp\/v2\/users\/1"}],"replies":[{"embeddable":true,"href":"http:\/\/piekarscy.com.pl\/index.php?rest_route=%2Fwp%2Fv2%2Fcomments&post=5871"}],"version-history":[{"count":4,"href":"http:\/\/piekarscy.com.pl\/index.php?rest_route=\/wp\/v2\/posts\/5871\/revisions"}],"predecessor-version":[{"id":6072,"href":"http:\/\/piekarscy.com.pl\/index.php?rest_route=\/wp\/v2\/posts\/5871\/revisions\/6072"}],"wp:attachment":[{"href":"http:\/\/piekarscy.com.pl\/index.php?rest_route=%2Fwp%2Fv2%2Fmedia&parent=5871"}],"wp:term":[{"taxonomy":"category","embeddable":true,"href":"http:\/\/piekarscy.com.pl\/index.php?rest_route=%2Fwp%2Fv2%2Fcategories&post=5871"},{"taxonomy":"post_tag","embeddable":true,"href":"http:\/\/piekarscy.com.pl\/index.php?rest_route=%2Fwp%2Fv2%2Ftags&post=5871"}],"curies":[{"name":"wp","href":"https:\/\/api.w.org\/{rel}","templated":true}]}}