{"id":5892,"date":"2015-12-01T00:29:24","date_gmt":"2015-12-01T00:29:24","guid":{"rendered":"http:\/\/piekarscy.com.pl\/?p=5892"},"modified":"2015-11-30T07:22:00","modified_gmt":"2015-11-30T07:22:00","slug":"trzydzieste-drugie-zdjecie-z-gnijacego-albumu","status":"publish","type":"post","link":"http:\/\/piekarscy.com.pl\/?p=5892","title":{"rendered":"Trzydzieste drugie zdj\u0119cie z gnij\u0105cego albumu"},"content":{"rendered":"<p>&#8222;Gnij\u0105cy album&#8221;. Tak nazwa\u0142am pokryty ple\u015bni\u0105 fotograficzny album le\u017c\u0105cy na strychu. S\u0105 w nim na pewno fotografie rodzinne. Niestety nie jestem w stanie rozpozna\u0107 wszystkich os\u00f3b i wszystkich miejsc, w kt\u00f3rych zosta\u0142y wykonane. Licz\u0119 na pomoc czytelnik\u00f3w.<\/p>\n<p>Oto trzydziesta druga\u00a0fotografia.\u00a0Zdj\u0119cia pochodz\u0105\u00a0z okresu mniej wi\u0119cej 1912-1915.<\/p>\n<p><a href=\"http:\/\/piekarscy.com.pl\/wp-content\/uploads\/2015\/10\/32.jpg\"><img loading=\"lazy\" decoding=\"async\" class=\"aligncenter size-medium wp-image-5816\" src=\"http:\/\/piekarscy.com.pl\/wp-content\/uploads\/2015\/10\/32-300x224.jpg\" alt=\"32\" width=\"300\" height=\"224\" srcset=\"http:\/\/piekarscy.com.pl\/wp-content\/uploads\/2015\/10\/32-300x224.jpg 300w, http:\/\/piekarscy.com.pl\/wp-content\/uploads\/2015\/10\/32-1024x764.jpg 1024w, http:\/\/piekarscy.com.pl\/wp-content\/uploads\/2015\/10\/32-624x465.jpg 624w\" sizes=\"auto, (max-width: 300px) 100vw, 300px\" \/><\/a><\/p>\n<p>Prawdopodobnie jest to prababcia Karolcia ze szwagierkami Adamskimi, czyli siostrami m\u0119\u017ca Antoniego Adamskiego: Henryk\u0105 Orlick\u0105 i Mari\u0105 W\u0119gierkiwicz. kim jest czwarta kobieta? Nie wiem.<\/p>\n","protected":false},"excerpt":{"rendered":"<p>&#8222;Gnij\u0105cy album&#8221;. Tak nazwa\u0142am pokryty ple\u015bni\u0105 fotograficzny album le\u017c\u0105cy na strychu. S\u0105 w nim na pewno fotografie rodzinne. Niestety nie jestem w stanie rozpozna\u0107 wszystkich os\u00f3b i wszystkich miejsc, w kt\u00f3rych zosta\u0142y wykonane. Licz\u0119 na pomoc czytelnik\u00f3w. Oto trzydziesta druga\u00a0fotografia.\u00a0Zdj\u0119cia pochodz\u0105\u00a0z okresu mniej wi\u0119cej 1912-1915. Prawdopodobnie jest to prababcia Karolcia ze szwagierkami Adamskimi, czyli siostrami [&hellip;]<\/p>\n","protected":false},"author":1,"featured_media":0,"comment_status":"closed","ping_status":"closed","sticky":false,"template":"","format":"standard","meta":{"footnotes":""},"categories":[5,377,7,397],"tags":[28,102,730,736,739,740,27,25,26,396,738,737,416,731],"class_list":["post-5892","post","type-post","status-publish","format-standard","hentry","category-adamscy","category-orliccy","category-przybytkowscy","category-wegierkiewicz","tag-antoni-adamski","tag-fotografia","tag-gnijacy-album","tag-henryka-adamska","tag-henryka-orlicka","tag-henryka-z-adamskich-orlicka","tag-leokadia-karolina-adamska","tag-leokadia-karolina-przybytkowska","tag-leokadia-karolina-z-przybytkowskich-adamska","tag-maria-adamska","tag-maria-wegierkiewicz","tag-maria-z-adamskich-wegierkiewicz","tag-saska-kepa","tag-walecznych-37"],"_links":{"self":[{"href":"http:\/\/piekarscy.com.pl\/index.php?rest_route=\/wp\/v2\/posts\/5892","targetHints":{"allow":["GET"]}}],"collection":[{"href":"http:\/\/piekarscy.com.pl\/index.php?rest_route=\/wp\/v2\/posts"}],"about":[{"href":"http:\/\/piekarscy.com.pl\/index.php?rest_route=\/wp\/v2\/types\/post"}],"author":[{"embeddable":true,"href":"http:\/\/piekarscy.com.pl\/index.php?rest_route=\/wp\/v2\/users\/1"}],"replies":[{"embeddable":true,"href":"http:\/\/piekarscy.com.pl\/index.php?rest_route=%2Fwp%2Fv2%2Fcomments&post=5892"}],"version-history":[{"count":4,"href":"http:\/\/piekarscy.com.pl\/index.php?rest_route=\/wp\/v2\/posts\/5892\/revisions"}],"predecessor-version":[{"id":6080,"href":"http:\/\/piekarscy.com.pl\/index.php?rest_route=\/wp\/v2\/posts\/5892\/revisions\/6080"}],"wp:attachment":[{"href":"http:\/\/piekarscy.com.pl\/index.php?rest_route=%2Fwp%2Fv2%2Fmedia&parent=5892"}],"wp:term":[{"taxonomy":"category","embeddable":true,"href":"http:\/\/piekarscy.com.pl\/index.php?rest_route=%2Fwp%2Fv2%2Fcategories&post=5892"},{"taxonomy":"post_tag","embeddable":true,"href":"http:\/\/piekarscy.com.pl\/index.php?rest_route=%2Fwp%2Fv2%2Ftags&post=5892"}],"curies":[{"name":"wp","href":"https:\/\/api.w.org\/{rel}","templated":true}]}}