{"id":5911,"date":"2015-12-10T00:50:51","date_gmt":"2015-12-10T00:50:51","guid":{"rendered":"http:\/\/piekarscy.com.pl\/?p=5911"},"modified":"2015-10-31T10:00:14","modified_gmt":"2015-10-31T10:00:14","slug":"czterdzieste-pierwsze-zdjecie-z-gnijacego-albumu","status":"publish","type":"post","link":"http:\/\/piekarscy.com.pl\/?p=5911","title":{"rendered":"Czterdzieste pierwsze zdj\u0119cie z gnij\u0105cego albumu"},"content":{"rendered":"<p>&#8222;Gnij\u0105cy album&#8221;. Tak nazwa\u0142am pokryty ple\u015bni\u0105 fotograficzny album le\u017c\u0105cy na strychu. S\u0105 w nim na pewno fotografie rodzinne. Niestety nie jestem w stanie rozpozna\u0107 wszystkich os\u00f3b i wszystkich miejsc, w kt\u00f3rych zosta\u0142y wykonane. Licz\u0119 na pomoc czytelnik\u00f3w.<\/p>\n<p>Oto czterdziesta pierwsza fotografia.\u00a0Zdj\u0119cia pochodz\u0105\u00a0z okresu mniej wi\u0119cej 1912-1915.<\/p>\n<p><a href=\"http:\/\/piekarscy.com.pl\/wp-content\/uploads\/2015\/10\/41.jpg\"><img loading=\"lazy\" decoding=\"async\" class=\"aligncenter size-medium wp-image-5825\" src=\"http:\/\/piekarscy.com.pl\/wp-content\/uploads\/2015\/10\/41-229x300.jpg\" alt=\"41\" width=\"229\" height=\"300\" srcset=\"http:\/\/piekarscy.com.pl\/wp-content\/uploads\/2015\/10\/41-229x300.jpg 229w, http:\/\/piekarscy.com.pl\/wp-content\/uploads\/2015\/10\/41-780x1024.jpg 780w, http:\/\/piekarscy.com.pl\/wp-content\/uploads\/2015\/10\/41-624x819.jpg 624w, http:\/\/piekarscy.com.pl\/wp-content\/uploads\/2015\/10\/41.jpg 1920w\" sizes=\"auto, (max-width: 229px) 100vw, 229px\" \/><\/a><\/p>\n<p>Pradziadek Antoni Adamski. By\u0107 mo\u017ce jest to nad jak\u0105\u015b\u00a0odnog\u0105 Wis\u0142y przy Saskiej K\u0119pie.<\/p>\n","protected":false},"excerpt":{"rendered":"<p>&#8222;Gnij\u0105cy album&#8221;. Tak nazwa\u0142am pokryty ple\u015bni\u0105 fotograficzny album le\u017c\u0105cy na strychu. S\u0105 w nim na pewno fotografie rodzinne. Niestety nie jestem w stanie rozpozna\u0107 wszystkich os\u00f3b i wszystkich miejsc, w kt\u00f3rych zosta\u0142y wykonane. Licz\u0119 na pomoc czytelnik\u00f3w. Oto czterdziesta pierwsza fotografia.\u00a0Zdj\u0119cia pochodz\u0105\u00a0z okresu mniej wi\u0119cej 1912-1915. Pradziadek Antoni Adamski. By\u0107 mo\u017ce jest to nad jak\u0105\u015b\u00a0odnog\u0105 [&hellip;]<\/p>\n","protected":false},"author":1,"featured_media":0,"comment_status":"closed","ping_status":"closed","sticky":false,"template":"","format":"standard","meta":{"footnotes":""},"categories":[5],"tags":[102,730,416,731],"class_list":["post-5911","post","type-post","status-publish","format-standard","hentry","category-adamscy","tag-fotografia","tag-gnijacy-album","tag-saska-kepa","tag-walecznych-37"],"_links":{"self":[{"href":"http:\/\/piekarscy.com.pl\/index.php?rest_route=\/wp\/v2\/posts\/5911","targetHints":{"allow":["GET"]}}],"collection":[{"href":"http:\/\/piekarscy.com.pl\/index.php?rest_route=\/wp\/v2\/posts"}],"about":[{"href":"http:\/\/piekarscy.com.pl\/index.php?rest_route=\/wp\/v2\/types\/post"}],"author":[{"embeddable":true,"href":"http:\/\/piekarscy.com.pl\/index.php?rest_route=\/wp\/v2\/users\/1"}],"replies":[{"embeddable":true,"href":"http:\/\/piekarscy.com.pl\/index.php?rest_route=%2Fwp%2Fv2%2Fcomments&post=5911"}],"version-history":[{"count":4,"href":"http:\/\/piekarscy.com.pl\/index.php?rest_route=\/wp\/v2\/posts\/5911\/revisions"}],"predecessor-version":[{"id":6046,"href":"http:\/\/piekarscy.com.pl\/index.php?rest_route=\/wp\/v2\/posts\/5911\/revisions\/6046"}],"wp:attachment":[{"href":"http:\/\/piekarscy.com.pl\/index.php?rest_route=%2Fwp%2Fv2%2Fmedia&parent=5911"}],"wp:term":[{"taxonomy":"category","embeddable":true,"href":"http:\/\/piekarscy.com.pl\/index.php?rest_route=%2Fwp%2Fv2%2Fcategories&post=5911"},{"taxonomy":"post_tag","embeddable":true,"href":"http:\/\/piekarscy.com.pl\/index.php?rest_route=%2Fwp%2Fv2%2Ftags&post=5911"}],"curies":[{"name":"wp","href":"https:\/\/api.w.org\/{rel}","templated":true}]}}