{"id":5939,"date":"2015-12-22T00:18:25","date_gmt":"2015-12-22T00:18:25","guid":{"rendered":"http:\/\/piekarscy.com.pl\/?p=5939"},"modified":"2015-10-30T20:23:03","modified_gmt":"2015-10-30T20:23:03","slug":"list-kazia-do-anieli","status":"publish","type":"post","link":"http:\/\/piekarscy.com.pl\/?p=5939","title":{"rendered":"List Kazia do Anieli"},"content":{"rendered":"<p>Oto list, jaki brat mojej prababci Leokadii Karoliny z Przybytkowskich Adamskiej, czyli Kazio Przybytkowski, napisa\u0142 do innej z\u00a0si\u00f3str, czyli\u00a0Anieli z Przybytkowskich Szenk. Adresowane na pracowni\u0119 Edmunda Przybytkowskiego na Nowym \u015awiecie. Kazimierz by\u0142 zawodowym \u017co\u0142nierzem Wojska Polskiego.<\/p>\n<p><a href=\"http:\/\/piekarscy.com.pl\/wp-content\/uploads\/2015\/10\/CCI20131223_0012.jpg\"><img loading=\"lazy\" decoding=\"async\" class=\"aligncenter size-medium wp-image-5932\" src=\"http:\/\/piekarscy.com.pl\/wp-content\/uploads\/2015\/10\/CCI20131223_0012-300x239.jpg\" alt=\"CCI20131223_0012\" width=\"300\" height=\"239\" srcset=\"http:\/\/piekarscy.com.pl\/wp-content\/uploads\/2015\/10\/CCI20131223_0012-300x239.jpg 300w, http:\/\/piekarscy.com.pl\/wp-content\/uploads\/2015\/10\/CCI20131223_0012-624x497.jpg 624w, http:\/\/piekarscy.com.pl\/wp-content\/uploads\/2015\/10\/CCI20131223_0012.jpg 640w\" sizes=\"auto, (max-width: 300px) 100vw, 300px\" \/><\/a> <a href=\"http:\/\/piekarscy.com.pl\/wp-content\/uploads\/2015\/10\/koperta-kazik2.jpg\"><img loading=\"lazy\" decoding=\"async\" class=\"aligncenter size-medium wp-image-5935\" src=\"http:\/\/piekarscy.com.pl\/wp-content\/uploads\/2015\/10\/koperta-kazik2-300x234.jpg\" alt=\"koperta-kazik2\" width=\"300\" height=\"234\" srcset=\"http:\/\/piekarscy.com.pl\/wp-content\/uploads\/2015\/10\/koperta-kazik2-300x234.jpg 300w, http:\/\/piekarscy.com.pl\/wp-content\/uploads\/2015\/10\/koperta-kazik2-624x488.jpg 624w, http:\/\/piekarscy.com.pl\/wp-content\/uploads\/2015\/10\/koperta-kazik2.jpg 640w\" sizes=\"auto, (max-width: 300px) 100vw, 300px\" \/><\/a> <a href=\"http:\/\/piekarscy.com.pl\/wp-content\/uploads\/2015\/10\/list-kazika1.jpg\"><img loading=\"lazy\" decoding=\"async\" class=\"aligncenter size-medium wp-image-5936\" src=\"http:\/\/piekarscy.com.pl\/wp-content\/uploads\/2015\/10\/list-kazika1-300x220.jpg\" alt=\"list kazika1\" width=\"300\" height=\"220\" srcset=\"http:\/\/piekarscy.com.pl\/wp-content\/uploads\/2015\/10\/list-kazika1-300x220.jpg 300w, http:\/\/piekarscy.com.pl\/wp-content\/uploads\/2015\/10\/list-kazika1-624x457.jpg 624w, http:\/\/piekarscy.com.pl\/wp-content\/uploads\/2015\/10\/list-kazika1.jpg 640w\" sizes=\"auto, (max-width: 300px) 100vw, 300px\" \/><\/a> <a href=\"http:\/\/piekarscy.com.pl\/wp-content\/uploads\/2015\/10\/list-kazika2.jpg\"><img loading=\"lazy\" decoding=\"async\" class=\"aligncenter size-medium wp-image-5937\" src=\"http:\/\/piekarscy.com.pl\/wp-content\/uploads\/2015\/10\/list-kazika2-300x223.jpg\" alt=\"list kazika2\" width=\"300\" height=\"223\" srcset=\"http:\/\/piekarscy.com.pl\/wp-content\/uploads\/2015\/10\/list-kazika2-300x223.jpg 300w, http:\/\/piekarscy.com.pl\/wp-content\/uploads\/2015\/10\/list-kazika2-624x463.jpg 624w, http:\/\/piekarscy.com.pl\/wp-content\/uploads\/2015\/10\/list-kazika2.jpg 640w\" sizes=\"auto, (max-width: 300px) 100vw, 300px\" \/><\/a><\/p>\n<p><em>Ostr\u00f3w \u2013 Komorowo<\/em><br \/>\n<em>dn. 1.12.1919<\/em><br \/>\n<em>poniedzia\u0142ek<\/em><\/p>\n<p><em>Kochana Anielciu!<\/em><\/p>\n<p><em>Ju\u017c wi\u0119cej jak tydzie\u0144 przelecia\u0142 od chwili, gdym si\u0119 z wami po\u017cegna\u0142 na K\u0119pie. po przyje\u017adzie do komorowa wys\u0142a\u0142em zaraz kilka list\u00f3w na wszystkie strony, lecz niestety, na \u017caden z nich dot\u0105d nieotrzyma\u0142em odpowiedzi. Pisa\u0142em do Ciebie, do Olka, do Karolki z Mokotowa, do Halki, Wandy, Kamilki, Pila \u2013 czy\u017cby listy tak d\u0142ugo sz\u0142y tutej??!<\/em><br \/>\n<em>B\u0119d\u0105c w Warszawie martwi\u0142em si\u0119 troch\u0119, wiedz\u0105c \u017ce musz\u0119 jecha\u0107 do ostrowia, ale nie tak tutej \u017ale jak si\u0119 zdawa\u0142o. Bardzo \u0142adna okolica, blizko cha\u0142upy, w kompanji dobre stosunki troch\u0119 pracy du\u017co, ale to spocz\u0105tku. Najgorzej to mnie denerwuje to \u017ce dot\u0105d musz\u0119 mieszka\u0107 u koleg\u00f3w, (kilku w jednej izbie). Gwar, cha\u0142as, \u0142a\u017cenie po nocach, no i k\u0142\u00f3tnia potem. Na cztery dni to jest wtorek, \u015broda, czwartek, pi\u0105tek, wyje\u017cd\u017ca\u0142em z Ostrowia do \u0141ap (po\u0142owa drogi od Ma\u0142kini do Bia\u0142egostoku), celem schwytania dezerter\u00f3w.<br \/>\nmia\u0142em dow\u00f3dztwo plutonu i do rozporz\u0105dzenia \u017candarmeri\u0119, policj\u0119 oraz zawsze podwody dla siebie i swych \u017co\u0142nierzy. Bawi\u0142em si\u0119 znakomicie. Objecha\u0142em 42 wioski, bior\u0105c wsz\u0119dzie za \u0142eb so\u0142tys\u00f3w i w\u00f3jt\u00f3w. Wr\u00f3ci\u0142em dopiero w sobot\u0119. Zas w niedziel\u0119 na nieszcz\u0119\u015bcie rozkazem wyznaczono mnie na defilad\u0119 (\u015bwi\u0119to listopadowe). Rozkaz zastrzega\u0142, \u017ce oficerowie przy szablach, wyobra\u017a sobie m\u00f3j k\u0142opot. Lata\u0142em po znajomych i nie mog\u0142em znale\u017a\u0107 takiego kt\u00f3ry by mi m\u00f3g\u0142 po\u017cyczy\u0107 szabl\u0119, dopiero znalaz\u0142 si\u0119 jeden z oficer\u00f3w amator defilad, kt\u00f3ry mnie zast\u0105pi\u0142, ja za\u015b skorzysta\u0142em z tego i po\u0142o\u017cy\u0142em si\u0119 najspokojniej \u015bpi\u0105c do 2ej po po\u0142udniu gdy tamci mar\u017ali na dworze. po obiedzie pojecha\u0142em do ostrowia i siedzia\u0142em u pewnej sympatycznej panienki do 10 wieczorem z k\u0105d wr\u00f3ci\u0142em do Komorowa. Na razie nic mi nie brak, pr\u00f3cz jednej czystej koszuli, szabli i drobnych rzeczy niezb\u0119dnych dla kawalerskiego gospodarstwa. Tutej dot\u0105d nic nie dosta\u0142em pr\u00f3cz przydzia\u0142udo kompanji. Pok\u0142on si\u0119 tym do kt\u00f3rych pisa\u0142em. U\u015bciskaj matk\u0119 ojca, przepro\u015b Olka, o\u017ce\u0144 J\u00f3zka \u2013 wasz Kazik.\u00a0<\/em><\/p>\n<p>Kazimierz zmar\u0142 w 1920 roku na gryp\u0119 hiszpank\u0119. Nie zostawi\u0142 po sobie dzieci.<\/p>\n","protected":false},"excerpt":{"rendered":"<p>Oto list, jaki brat mojej prababci Leokadii Karoliny z Przybytkowskich Adamskiej, czyli Kazio Przybytkowski, napisa\u0142 do innej z\u00a0si\u00f3str, czyli\u00a0Anieli z Przybytkowskich Szenk. Adresowane na pracowni\u0119 Edmunda Przybytkowskiego na Nowym \u015awiecie. Kazimierz by\u0142 zawodowym \u017co\u0142nierzem Wojska Polskiego. Ostr\u00f3w \u2013 Komorowo dn. 1.12.1919 poniedzia\u0142ek Kochana Anielciu! Ju\u017c wi\u0119cej jak tydzie\u0144 przelecia\u0142 od chwili, gdym si\u0119 z wami [&hellip;]<\/p>\n","protected":false},"author":1,"featured_media":0,"comment_status":"closed","ping_status":"closed","sticky":false,"template":"","format":"standard","meta":{"footnotes":""},"categories":[7,15],"tags":[413,423,424,372,729,105,733,732],"class_list":["post-5939","post","type-post","status-publish","format-standard","hentry","category-przybytkowscy","category-szenk","tag-aniela-przybytkowska","tag-aniela-szenk","tag-aniela-z-przybytkowskich-szenk","tag-edmund-przybytkowski","tag-kazimierz-przybytkowski","tag-list","tag-nowy-swiat","tag-ostrow-mazowiecka"],"_links":{"self":[{"href":"http:\/\/piekarscy.com.pl\/index.php?rest_route=\/wp\/v2\/posts\/5939","targetHints":{"allow":["GET"]}}],"collection":[{"href":"http:\/\/piekarscy.com.pl\/index.php?rest_route=\/wp\/v2\/posts"}],"about":[{"href":"http:\/\/piekarscy.com.pl\/index.php?rest_route=\/wp\/v2\/types\/post"}],"author":[{"embeddable":true,"href":"http:\/\/piekarscy.com.pl\/index.php?rest_route=\/wp\/v2\/users\/1"}],"replies":[{"embeddable":true,"href":"http:\/\/piekarscy.com.pl\/index.php?rest_route=%2Fwp%2Fv2%2Fcomments&post=5939"}],"version-history":[{"count":1,"href":"http:\/\/piekarscy.com.pl\/index.php?rest_route=\/wp\/v2\/posts\/5939\/revisions"}],"predecessor-version":[{"id":5940,"href":"http:\/\/piekarscy.com.pl\/index.php?rest_route=\/wp\/v2\/posts\/5939\/revisions\/5940"}],"wp:attachment":[{"href":"http:\/\/piekarscy.com.pl\/index.php?rest_route=%2Fwp%2Fv2%2Fmedia&parent=5939"}],"wp:term":[{"taxonomy":"category","embeddable":true,"href":"http:\/\/piekarscy.com.pl\/index.php?rest_route=%2Fwp%2Fv2%2Fcategories&post=5939"},{"taxonomy":"post_tag","embeddable":true,"href":"http:\/\/piekarscy.com.pl\/index.php?rest_route=%2Fwp%2Fv2%2Ftags&post=5939"}],"curies":[{"name":"wp","href":"https:\/\/api.w.org\/{rel}","templated":true}]}}