{"id":6098,"date":"2015-12-27T00:53:31","date_gmt":"2015-12-27T00:53:31","guid":{"rendered":"http:\/\/piekarscy.com.pl\/?p=6098"},"modified":"2015-10-31T11:00:05","modified_gmt":"2015-10-31T11:00:05","slug":"prababcia-karolcia-w-lodce","status":"publish","type":"post","link":"http:\/\/piekarscy.com.pl\/?p=6098","title":{"rendered":"Prababcia Karolcia w \u0142\u00f3dce"},"content":{"rendered":"<p>T\u0119 fotografi\u0119 mam od dawna i zapomnia\u0142am j\u0105 tu zamie\u015bci\u0107. To prababcia Karolcia w \u0142\u00f3dce.<\/p>\n<p><a href=\"http:\/\/piekarscy.com.pl\/wp-content\/uploads\/2015\/10\/karolka-w-lodce.jpg\"><img loading=\"lazy\" decoding=\"async\" class=\"aligncenter size-medium wp-image-6099\" src=\"http:\/\/piekarscy.com.pl\/wp-content\/uploads\/2015\/10\/karolka-w-lodce-226x300.jpg\" alt=\"karolka-w-lodce\" width=\"226\" height=\"300\" srcset=\"http:\/\/piekarscy.com.pl\/wp-content\/uploads\/2015\/10\/karolka-w-lodce-226x300.jpg 226w, http:\/\/piekarscy.com.pl\/wp-content\/uploads\/2015\/10\/karolka-w-lodce.jpg 385w\" sizes=\"auto, (max-width: 226px) 100vw, 226px\" \/><\/a><\/p>\n<p>Zdj\u0119cie zrobione najpewniej tego samego dnia, co ta fotografia pradziadka Antoniego z &#8222;gnij\u0105cego albumu&#8221;<\/p>\n<p><a href=\"http:\/\/piekarscy.com.pl\/wp-content\/uploads\/2015\/10\/48.jpg\"><img loading=\"lazy\" decoding=\"async\" class=\"aligncenter size-medium wp-image-5832\" src=\"http:\/\/piekarscy.com.pl\/wp-content\/uploads\/2015\/10\/48-217x300.jpg\" alt=\"48\" width=\"217\" height=\"300\" srcset=\"http:\/\/piekarscy.com.pl\/wp-content\/uploads\/2015\/10\/48-217x300.jpg 217w, http:\/\/piekarscy.com.pl\/wp-content\/uploads\/2015\/10\/48-741x1024.jpg 741w, http:\/\/piekarscy.com.pl\/wp-content\/uploads\/2015\/10\/48-624x863.jpg 624w, http:\/\/piekarscy.com.pl\/wp-content\/uploads\/2015\/10\/48.jpg 1882w\" sizes=\"auto, (max-width: 217px) 100vw, 217px\" \/><\/a><\/p>\n<p>Jest te\u017c mo\u017cliwe, \u017ce powsta\u0142o wtedy, co to zdj\u0119cie pradziadka z &#8222;gnij\u0105cego albumu&#8221;. By\u0142yby wi\u0119c te cztery osoby dwiema parami. Najpewniej to zdj\u0119cie na dole robi\u0142a moja prababcia. by\u0107 mo\u017ce w\u0142a\u015bcicielem aparatu by\u0142 m\u0119\u017cczyzna ze zdj\u0119cia. Mo\u017ce to Janek Orlicki. Mo\u017ce W\u0142adys\u0142aw W\u0119gierkiewicz.<\/p>\n<p><a href=\"http:\/\/piekarscy.com.pl\/wp-content\/uploads\/2015\/10\/43.jpg\"><img loading=\"lazy\" decoding=\"async\" class=\"aligncenter size-medium wp-image-5827\" src=\"http:\/\/piekarscy.com.pl\/wp-content\/uploads\/2015\/10\/43-300x208.jpg\" alt=\"43\" width=\"300\" height=\"208\" srcset=\"http:\/\/piekarscy.com.pl\/wp-content\/uploads\/2015\/10\/43-300x208.jpg 300w, http:\/\/piekarscy.com.pl\/wp-content\/uploads\/2015\/10\/43-1024x709.jpg 1024w, http:\/\/piekarscy.com.pl\/wp-content\/uploads\/2015\/10\/43-624x432.jpg 624w\" sizes=\"auto, (max-width: 300px) 100vw, 300px\" \/><\/a><\/p>\n","protected":false},"excerpt":{"rendered":"<p>T\u0119 fotografi\u0119 mam od dawna i zapomnia\u0142am j\u0105 tu zamie\u015bci\u0107. To prababcia Karolcia w \u0142\u00f3dce. Zdj\u0119cie zrobione najpewniej tego samego dnia, co ta fotografia pradziadka Antoniego z &#8222;gnij\u0105cego albumu&#8221; Jest te\u017c mo\u017cliwe, \u017ce powsta\u0142o wtedy, co to zdj\u0119cie pradziadka z &#8222;gnij\u0105cego albumu&#8221;. By\u0142yby wi\u0119c te cztery osoby dwiema parami. Najpewniej to zdj\u0119cie na dole robi\u0142a [&hellip;]<\/p>\n","protected":false},"author":1,"featured_media":0,"comment_status":"closed","ping_status":"closed","sticky":false,"template":"","format":"standard","meta":{"footnotes":""},"categories":[5,377,7,397],"tags":[28,730,27,25,26,416,743],"class_list":["post-6098","post","type-post","status-publish","format-standard","hentry","category-adamscy","category-orliccy","category-przybytkowscy","category-wegierkiewicz","tag-antoni-adamski","tag-gnijacy-album","tag-leokadia-karolina-adamska","tag-leokadia-karolina-przybytkowska","tag-leokadia-karolina-z-przybytkowskich-adamska","tag-saska-kepa","tag-wisla"],"_links":{"self":[{"href":"http:\/\/piekarscy.com.pl\/index.php?rest_route=\/wp\/v2\/posts\/6098","targetHints":{"allow":["GET"]}}],"collection":[{"href":"http:\/\/piekarscy.com.pl\/index.php?rest_route=\/wp\/v2\/posts"}],"about":[{"href":"http:\/\/piekarscy.com.pl\/index.php?rest_route=\/wp\/v2\/types\/post"}],"author":[{"embeddable":true,"href":"http:\/\/piekarscy.com.pl\/index.php?rest_route=\/wp\/v2\/users\/1"}],"replies":[{"embeddable":true,"href":"http:\/\/piekarscy.com.pl\/index.php?rest_route=%2Fwp%2Fv2%2Fcomments&post=6098"}],"version-history":[{"count":1,"href":"http:\/\/piekarscy.com.pl\/index.php?rest_route=\/wp\/v2\/posts\/6098\/revisions"}],"predecessor-version":[{"id":6100,"href":"http:\/\/piekarscy.com.pl\/index.php?rest_route=\/wp\/v2\/posts\/6098\/revisions\/6100"}],"wp:attachment":[{"href":"http:\/\/piekarscy.com.pl\/index.php?rest_route=%2Fwp%2Fv2%2Fmedia&parent=6098"}],"wp:term":[{"taxonomy":"category","embeddable":true,"href":"http:\/\/piekarscy.com.pl\/index.php?rest_route=%2Fwp%2Fv2%2Fcategories&post=6098"},{"taxonomy":"post_tag","embeddable":true,"href":"http:\/\/piekarscy.com.pl\/index.php?rest_route=%2Fwp%2Fv2%2Ftags&post=6098"}],"curies":[{"name":"wp","href":"https:\/\/api.w.org\/{rel}","templated":true}]}}