{"id":6379,"date":"2016-01-31T00:53:03","date_gmt":"2016-01-31T00:53:03","guid":{"rendered":"http:\/\/piekarscy.com.pl\/?p=6379"},"modified":"2016-01-31T09:29:53","modified_gmt":"2016-01-31T09:29:53","slug":"zeszyt-z-notatkami-pradziadka","status":"publish","type":"post","link":"http:\/\/piekarscy.com.pl\/?p=6379","title":{"rendered":"Zeszyt z &#8222;mydlanymi&#8221; notatkami pradziadka cz. 1"},"content":{"rendered":"<p>&#8222;Myd\u0142o i jego fabrykacja&#8221; to zeszyt pradziadka Ludwika Piekarskiego z przepisami na myd\u0142a. Niestety nie zachowa\u0142a si\u0119 pierwsza strona. Oto jego cz\u0119\u015b\u0107 pierwsza.<\/p>\n<p><a href=\"http:\/\/piekarscy.com.pl\/wp-content\/uploads\/2016\/01\/mydlo1.jpg\" rel=\"attachment wp-att-6380\"><img loading=\"lazy\" decoding=\"async\" class=\"aligncenter size-medium wp-image-6380\" src=\"http:\/\/piekarscy.com.pl\/wp-content\/uploads\/2016\/01\/mydlo1-216x300.jpg\" alt=\"mydlo1\" width=\"216\" height=\"300\" srcset=\"http:\/\/piekarscy.com.pl\/wp-content\/uploads\/2016\/01\/mydlo1-216x300.jpg 216w, http:\/\/piekarscy.com.pl\/wp-content\/uploads\/2016\/01\/mydlo1-768x1069.jpg 768w, http:\/\/piekarscy.com.pl\/wp-content\/uploads\/2016\/01\/mydlo1-736x1024.jpg 736w, http:\/\/piekarscy.com.pl\/wp-content\/uploads\/2016\/01\/mydlo1-624x868.jpg 624w\" sizes=\"auto, (max-width: 216px) 100vw, 216px\" \/><\/a> <a href=\"http:\/\/piekarscy.com.pl\/wp-content\/uploads\/2016\/01\/mydlo2.jpg\" rel=\"attachment wp-att-6381\"><img loading=\"lazy\" decoding=\"async\" class=\"aligncenter size-medium wp-image-6381\" src=\"http:\/\/piekarscy.com.pl\/wp-content\/uploads\/2016\/01\/mydlo2-300x209.jpg\" alt=\"mydlo2\" width=\"300\" height=\"209\" srcset=\"http:\/\/piekarscy.com.pl\/wp-content\/uploads\/2016\/01\/mydlo2-300x209.jpg 300w, http:\/\/piekarscy.com.pl\/wp-content\/uploads\/2016\/01\/mydlo2-768x535.jpg 768w, http:\/\/piekarscy.com.pl\/wp-content\/uploads\/2016\/01\/mydlo2-1024x714.jpg 1024w, http:\/\/piekarscy.com.pl\/wp-content\/uploads\/2016\/01\/mydlo2-624x435.jpg 624w\" sizes=\"auto, (max-width: 300px) 100vw, 300px\" \/><\/a> <a href=\"http:\/\/piekarscy.com.pl\/wp-content\/uploads\/2016\/01\/mydlo3.jpg\" rel=\"attachment wp-att-6382\"><img loading=\"lazy\" decoding=\"async\" class=\"aligncenter size-medium wp-image-6382\" src=\"http:\/\/piekarscy.com.pl\/wp-content\/uploads\/2016\/01\/mydlo3-300x217.jpg\" alt=\"mydlo3\" width=\"300\" height=\"217\" srcset=\"http:\/\/piekarscy.com.pl\/wp-content\/uploads\/2016\/01\/mydlo3-300x217.jpg 300w, http:\/\/piekarscy.com.pl\/wp-content\/uploads\/2016\/01\/mydlo3-768x556.jpg 768w, http:\/\/piekarscy.com.pl\/wp-content\/uploads\/2016\/01\/mydlo3-1024x742.jpg 1024w, http:\/\/piekarscy.com.pl\/wp-content\/uploads\/2016\/01\/mydlo3-624x452.jpg 624w\" sizes=\"auto, (max-width: 300px) 100vw, 300px\" \/><\/a><\/p>\n","protected":false},"excerpt":{"rendered":"<p>&#8222;Myd\u0142o i jego fabrykacja&#8221; to zeszyt pradziadka Ludwika Piekarskiego z przepisami na myd\u0142a. Niestety nie zachowa\u0142a si\u0119 pierwsza strona. Oto jego cz\u0119\u015b\u0107 pierwsza.<\/p>\n","protected":false},"author":1,"featured_media":0,"comment_status":"closed","ping_status":"closed","sticky":false,"template":"","format":"standard","meta":{"footnotes":""},"categories":[3],"tags":[32,29,39,802,615],"class_list":["post-6379","post","type-post","status-publish","format-standard","hentry","category-piekarscy","tag-ludwik-piekarski","tag-ludwik-roch-piekarski","tag-ludwik-rola-piekarski","tag-mydlo-i-jego-fabrykacja","tag-zeszyt"],"_links":{"self":[{"href":"http:\/\/piekarscy.com.pl\/index.php?rest_route=\/wp\/v2\/posts\/6379","targetHints":{"allow":["GET"]}}],"collection":[{"href":"http:\/\/piekarscy.com.pl\/index.php?rest_route=\/wp\/v2\/posts"}],"about":[{"href":"http:\/\/piekarscy.com.pl\/index.php?rest_route=\/wp\/v2\/types\/post"}],"author":[{"embeddable":true,"href":"http:\/\/piekarscy.com.pl\/index.php?rest_route=\/wp\/v2\/users\/1"}],"replies":[{"embeddable":true,"href":"http:\/\/piekarscy.com.pl\/index.php?rest_route=%2Fwp%2Fv2%2Fcomments&post=6379"}],"version-history":[{"count":3,"href":"http:\/\/piekarscy.com.pl\/index.php?rest_route=\/wp\/v2\/posts\/6379\/revisions"}],"predecessor-version":[{"id":6385,"href":"http:\/\/piekarscy.com.pl\/index.php?rest_route=\/wp\/v2\/posts\/6379\/revisions\/6385"}],"wp:attachment":[{"href":"http:\/\/piekarscy.com.pl\/index.php?rest_route=%2Fwp%2Fv2%2Fmedia&parent=6379"}],"wp:term":[{"taxonomy":"category","embeddable":true,"href":"http:\/\/piekarscy.com.pl\/index.php?rest_route=%2Fwp%2Fv2%2Fcategories&post=6379"},{"taxonomy":"post_tag","embeddable":true,"href":"http:\/\/piekarscy.com.pl\/index.php?rest_route=%2Fwp%2Fv2%2Ftags&post=6379"}],"curies":[{"name":"wp","href":"https:\/\/api.w.org\/{rel}","templated":true}]}}